{"id":1163,"date":"2024-04-15T12:05:53","date_gmt":"2024-04-15T12:05:53","guid":{"rendered":"https:\/\/nowa.gozd.pl\/?p=1163"},"modified":"2024-05-07T07:38:18","modified_gmt":"2024-05-07T07:38:18","slug":"referaty","status":"publish","type":"post","link":"https:\/\/nowa.gozd.pl\/?p=1163","title":{"rendered":"REFERATY"},"content":{"rendered":"<p>\n\n\n<\/p>\n<p><strong>REFERAT FINANSOWY<\/strong> e-mail: <a href=\"mailto:ksiegowosc@gozd.pl\">ksiegowosc@gozd.pl<\/a><\/p>\n<p>\n\n\n\n<\/p>\n<p><strong>Bogus\u0142awa Ko\u015bcielniak \u2013 Skarbnik<\/strong><\/p>\n<p>\n\n\n\n<\/p>\n<p><strong>Ewa Wosztyl\u00a0<\/strong>\u2013\u00a0 zast\u0119pca Skarbnika<\/p>\n<p>\n\n\n\n<\/p>\n<p><strong>Aneta Kazirodek<\/strong> <strong>\u2013<\/strong>\u00a0stanowisko ds. ksi\u0119gowo\u015bci bud\u017cetowej, tel. 048\/320-20-97 w. 36<\/p>\n<p>\n\n\n\n<\/p>\n<p><strong>Monika Bekier\u00a0\u2013<\/strong>\u00a0stanowisko ds. rozlicze\u0144 bud\u017cetowych, tel. 048\/320-20-97 w. 36<\/p>\n<p>\n\n\n\n<\/p>\n<p><strong>Gra\u017cyna Domaga\u0142a \u2013<\/strong>\u00a0stanowisko ds. ksi\u0119gowo\u015bci podatkowej, tel. 048\/320-20-97 w. 19<\/p>\n<p>\n\n\n\n<\/p>\n<p><strong>Dorota Derlatka<\/strong> \u2013\u00a0stanowisko ds. wymiaru podatku i op\u0142at, tel. 048\/320-20-97 w. 39<\/p>\n<p>\n\n\n\n<\/p>\n<p><strong>Agnieszka Siczek\u00a0\u2013<\/strong>\u00a0stanowisko ds. podatku od \u015brodk\u00f3w transportowych oraz op\u0142at za wod\u0119 i \u015bcieki, tel. 048\/320-20-97 w. 38<\/p>\n<p>\n\n\n\n<\/p>\n<p><strong>Aneta Janas<\/strong> <strong>\u2013<\/strong>\u00a0stanowisko ds. obs\u0142ugi kasy i gospodarki materia\u0142owej, tel. 048\/320-20-97 w. 37<\/p>\n<p>\n\n\n\n<\/p>\n<p><strong><br \/>REFERAT BUDOWNICTWA I INWESTYCJI<\/strong> e-mail: <a href=\"mailto:budownictwo@gozd.pl\">budownictwo@gozd.pl<\/a><\/p>\n<p>\n\n\n\n<\/p>\n<p><strong>Jacek Krzemi\u0144ski\u00a0\u2013 kierownik Referatu,<\/strong> stanowisko ds. budowy dr\u00f3g i o\u015bwietlenia ulicznego, pok. 118, tel. 048\/320-20-97 w. 31<\/p>\n<p>\n\n\n\n<\/p>\n<p><strong>Izabela Maciejczyk\u00a0<\/strong>\u2013\u00a0stanowisko ds. infrastruktury technicznej i gospodarki komunalnej, pok. 120, tel. 048\/320-20-97 w. 30<\/p>\n<p>\n\n\n\n<\/p>\n<p><strong>Magdalena Gorzkiewicz \u2013 <\/strong>stanowisko ds. budownictwa, pok.119, tel. 048\/320-20-97 w. 24<\/p>\n<p>\n\n\n\n<\/p>\n<p><strong>Wioletta Szcz\u0119sna<\/strong> \u2013 stanowisko ds. budownictwa, pok. 119, tel. 048\/320-20-97 w. 24<\/p>\n<p>\n\n\n\n<\/p>\n<p><strong>REFERAT UTRZYMANIA INFRASTRUKTURY KOMUNALNEJ<\/strong><\/p>\n<p>\n\n\n\n<\/p>\n<p><strong>Andrzej Pacholczak \u2013 kierownik Referatu<\/strong>, tel.: 048\/320-20-97 wew. 22<\/p>\n<p>\n\n\n\n<\/p>\n<p><strong>Beata Bekier<\/strong> \u2013 stanowisko ds. remont\u00f3w i rozlicze\u0144, tel.: 048\/320-20-97 wew. 22<\/p>\n<p>\n\n\n\n<\/p>\n<p><strong><br \/>REFERAT ROLNICTWA, OCHRONY \u015aRODOWISKA I MIENIA KOMUNALNEGO <\/strong>e-mail: <a href=\"mailto:rolnictwo@gozd.pl\">rolnictwo@gozd.pl<\/a><\/p>\n<p>\n\n\n\n<\/p>\n<p><strong>Martyna Banasiak \u2013 kierownik Referatu,<\/strong> stanowisko ds. mienia komunalnego, stanowisko ds. kadr<\/p>\n<p>\n\n\n\n<\/p>\n<p><strong>Agnieszka Domaga\u0142a<\/strong> <strong>\u2013 <\/strong>stanowisko ds. rolnictwa i ochrony przyrody, tel. 048\/320-20-97 w. 26 pok. 106<\/p>\n<p>\n\n\n\n<\/p>\n<p><strong>Olga D\u0105browska<\/strong> <strong>\u2013<\/strong> stanowisko ds. gospodarki odpadami, tel. 048\/320-20-97 w. 26 pok. 106<\/p>\n<p>\n\n\n\n<\/p>\n<p><strong>Monika Wosztyl <\/strong>\u2013 stanowisko ds. ochrony \u015brodowiska, tel. 048\/320-20-97 w. 26 pok. 107<\/p>\n<p>\n\n\n\n<\/p>\n<p><strong>Monika Maciejewska<\/strong> \u2013\u00a0stanowisko ds. geodezji, tel. 048\/320-20-97 w. 26 pok. 107<\/p>\n<p>\n\n\n\n<\/p>\n<p>\u00a0\u00a0\u00a0\u00a0\u00a0\u00a0\u00a0\u00a0\u00a0\u00a0\u00a0\u00a0\u00a0\u00a0\u00a0\u00a0\u00a0\u00a0\u00a0\u00a0\u00a0\u00a0\u00a0\u00a0\u00a0\u00a0\u00a0\u00a0\u00a0\u00a0\u00a0\u00a0\u00a0\u00a0\u00a0\u00a0\u00a0\u00a0\u00a0\u00a0\u00a0\u00a0\u00a0\u00a0<br \/><strong>REFERAT ORGANIZACYJNY<\/strong> e-mail: <a href=\"mailto:gmina@gozd.pl\">gmina@gozd.pl<\/a><\/p>\n<p>\n\n\n\n<\/p>\n<p><strong>Agnieszka G\u00f3rak\u00a0<\/strong>\u2013\u00a0stanowisko ds.\u00a0organizacji kancelarii i sekretariatu, tel. 048\/320-20-97\u00a0pok. 113<\/p>\n<p>\n\n\n\n<\/p>\n<p><strong>Agnieszka D\u0105browska <\/strong>\u2013\u00a0stanowisko ds. obs\u0142ugi Rady Gminy, promocji i komunikacji spo\u0142ecznej, tel. 048\/320-20-97 w. 44, e-mail:\u00a0<a href=\"mailto:rada@gozd.pl\">rada@gozd.pl<\/a>, pok. 109<\/p>\n<p>\n\n\n\n<\/p>\n<p><strong>Irena Serafin <\/strong>\u2013 stanowisko ds. ochrony przeciwpo\u017carowej i kultury, tel. 048\/320-20-97 wew. 39, e-mail: <a href=\"mailto:kultura@gozd.pl\">kultura@gozd.pl<\/a><\/p>\n<p>\n\n\n\n<\/p>\n<p><strong>Anna Zieli\u0144ska\u00a0\u2013 <\/strong>stanowisko ds. BHP, tel. 048\/320-20-97 w. 20\u00a0 pok. 114<\/p>\n<p>\n\n\n\n<\/p>\n<p><strong>SAMODZIELNE STANOWISKA PRACY<\/strong><\/p>\n<p>\n\n\n\n<\/p>\n<p><strong>Urszula Winiarska<\/strong>\u00a0\u2013\u00a0stanowisko ds.\u00a0obrony cywilnej i zarz\u0105dzania kryzysowego, kancelaria materia\u0142\u00f3w niejawnych, inspektor ochrony danych osobowych (IODO), tel. 048\/320-20-97 w. 29, e-mail:\u00a0<a href=\"mailto:obrona.cywilna@gozd.pl\">obrona.cywilna@gozd.pl<\/a>, pok. 117<\/p>\n<p>\n\n\n\n<\/p>\n<p><strong>Joanna Tkaczyk<\/strong>\u00a0\u2013\u00a0pe\u0142nomocnik ds. ochrony informacji niejawnych, tel. 048\/320-20-97 w. 21, e-mail:\u00a0<a href=\"mailto:sekretarz@gozd.pl\">sekretarz@gozd.pl<\/a>, pok. 111<\/p>\n<p>\n\n\n\n<\/p>\n<p><strong>Anna Kowalska<\/strong>\u00a0\u2013\u00a0stanowisko ds. zam\u00f3wie\u0144 publicznych, tel. 048\/320-20-97 w. 24, pok. 120<\/p>\n<p>\n\n\n\n<\/p>\n<p><strong>URZ\u0104D STANU CYWILNEGO<\/strong><\/p>\n<p>\n\n\n<p><strong>Zofia Walczak\u00a0\u2013\u00a0kierownik USC<\/strong>, tel. 048\/320-20-97 w. 43, e-mail: <a href=\"mailto:usc@gozd.pl\">usc@gozd.pl<\/a>,\u00a0 pok. 115<\/p>\n\n\n<\/p>\n<p><strong>Agnieszka Misalska<\/strong>\u00a0\u2013\u00a0stanowisko ds. ewidencji ludno\u015bci, dzia\u0142alno\u015bci gospodarczej i archiwum zak\u0142adowego, tel. 048\/320-20-97 w. 43, e-mail:\u00a0<a href=\"mailto:ewidencja@gozd.pl\">ewidencja@gozd.pl<\/a>, pok. 115<\/p>\n<p>\n\n\n<\/p>","protected":false},"excerpt":{"rendered":"<div class=\"mh-excerpt\"><p>REFERAT FINANSOWY e-mail: ksiegowosc@gozd.pl Bogus\u0142awa Ko\u015bcielniak \u2013 Skarbnik Ewa Wosztyl\u00a0\u2013\u00a0 zast\u0119pca Skarbnika Aneta Kazirodek \u2013\u00a0stanowisko ds. ksi\u0119gowo\u015bci bud\u017cetowej, tel. 048\/320-20-97 w. 36 Monika Bekier\u00a0\u2013\u00a0stanowisko ds. rozlicze\u0144 bud\u017cetowych, tel. 048\/320-20-97 w. 36 Gra\u017cyna Domaga\u0142a \u2013\u00a0stanowisko ds. <a class=\"mh-excerpt-more\" href=\"https:\/\/nowa.gozd.pl\/?p=1163\" title=\"REFERATY\">[&#8230;]<\/a><\/p>\n<\/div>","protected":false},"author":1,"featured_media":0,"comment_status":"closed","ping_status":"closed","sticky":false,"template":"template-full.php","format":"standard","meta":{"footnotes":""},"categories":[1],"tags":[],"class_list":{"0":"post-1163","1":"post","2":"type-post","3":"status-publish","4":"format-standard","6":"category-uncategorized"},"_links":{"self":[{"href":"https:\/\/nowa.gozd.pl\/index.php?rest_route=\/wp\/v2\/posts\/1163","targetHints":{"allow":["GET"]}}],"collection":[{"href":"https:\/\/nowa.gozd.pl\/index.php?rest_route=\/wp\/v2\/posts"}],"about":[{"href":"https:\/\/nowa.gozd.pl\/index.php?rest_route=\/wp\/v2\/types\/post"}],"author":[{"embeddable":true,"href":"https:\/\/nowa.gozd.pl\/index.php?rest_route=\/wp\/v2\/users\/1"}],"replies":[{"embeddable":true,"href":"https:\/\/nowa.gozd.pl\/index.php?rest_route=%2Fwp%2Fv2%2Fcomments&post=1163"}],"version-history":[{"count":6,"href":"https:\/\/nowa.gozd.pl\/index.php?rest_route=\/wp\/v2\/posts\/1163\/revisions"}],"predecessor-version":[{"id":1356,"href":"https:\/\/nowa.gozd.pl\/index.php?rest_route=\/wp\/v2\/posts\/1163\/revisions\/1356"}],"wp:attachment":[{"href":"https:\/\/nowa.gozd.pl\/index.php?rest_route=%2Fwp%2Fv2%2Fmedia&parent=1163"}],"wp:term":[{"taxonomy":"category","embeddable":true,"href":"https:\/\/nowa.gozd.pl\/index.php?rest_route=%2Fwp%2Fv2%2Fcategories&post=1163"},{"taxonomy":"post_tag","embeddable":true,"href":"https:\/\/nowa.gozd.pl\/index.php?rest_route=%2Fwp%2Fv2%2Ftags&post=1163"}],"curies":[{"name":"wp","href":"https:\/\/api.w.org\/{rel}","templated":true}]}}