{"id":1178,"date":"2024-04-15T12:32:06","date_gmt":"2024-04-15T12:32:06","guid":{"rendered":"https:\/\/nowa.gozd.pl\/?p=1178"},"modified":"2024-04-16T10:11:12","modified_gmt":"2024-04-16T10:11:12","slug":"solectwa","status":"publish","type":"post","link":"https:\/\/nowa.gozd.pl\/?p=1178","title":{"rendered":"SO\u0141ECTWA"},"content":{"rendered":"<div id=\"page\" class=\"container page-wrapper\">\n<div class=\"row all\">\n<div id=\"content\" class=\"col-md-8 col-sm-6 col-xs-8\">\n<section class=\"art\">\n<article>\n<div class=\"txt\"><br \/>So\u0142ectwo tworzy Rada Gminy w formie uchwa\u0142y, na zasadach okre\u015blonych w statucie gminy.\n<p style=\"text-align: justify;\">Organizacj\u0119<br \/>i zakres dzia\u0142ania jednostki pomocniczej okre\u015bla Rada Gminy odr\u0119bnym <br \/>statutem, po przeprowadzeniu konsultacji z mieszka\u0144cami.<\/p>\n<p style=\"text-align: justify;\">Statut jednostki pomocniczej okre\u015bla w szczeg\u00f3lno\u015bci:<\/p>\n<ol style=\"margin-left: 40px;\">\n<li style=\"text-align: justify;\">Nazw\u0119 i obszar jednostki pomocniczej<\/li>\n<li style=\"text-align: justify;\">Zasady i tryb wybor\u00f3w organ\u00f3w jednostki pomocniczej<\/li>\n<li style=\"text-align: justify;\">Organizacj\u0119 i zadania organ\u00f3w jednostek pomocniczych<\/li>\n<li style=\"text-align: justify;\">Zakres zada\u0144 przekazywanych jednostce przez gmin\u0119 oraz spos\u00f3b ich realizacji<\/li>\n<li style=\"text-align: justify;\">Zakres i formy kontroli oraz nadzoru organ\u00f3w gminy nad dzia\u0142alno\u015bci\u0105 organ\u00f3w jednostki pomocniczej.<\/li>\n<\/ol>\n<p style=\"text-align: justify;\">Organem uchwa\u0142odawczym so\u0142ectwa jest zebranie wiejskie.<\/p>\n<p style=\"text-align: justify;\">Organami so\u0142ectwa, wybieranymi na okres kadencji s\u0105:<\/p>\n<ol style=\"margin-left: 40px;\">\n<li style=\"text-align: justify;\">So\u0142tys, jako organ wykonawczy so\u0142ectwa.<\/li>\n<li style=\"text-align: justify;\">Rada So\u0142ecka, jako organ wspomagajacy dzia\u0142alno\u015b\u0107 so\u0142tysa.<\/li>\n<\/ol>\n<p style=\"text-align: justify;\">Kadencja trwa 5 lata i ko\u0144czy si\u0119 z chwil\u0105 wyboru nowych organ\u00f3w.<\/p>\n<p style=\"text-align: justify;\">Nadz\u00f3r nad dzia\u0142alno\u015bci\u0105 so\u0142ectw sprawuje Rada Gminy i W\u00f3jt.<\/p>\n<p style=\"text-align: justify;\">Na terenie Gminy G\u00f3zd znajduje si\u0119 20 so\u0142ectw:<\/p>\n<\/div>\n<\/article>\n<\/section>\n<\/div>\n<\/div>\n<\/div>\n\n\n<ul class=\"wp-block-list\">\n<li>Budy Niemianowskie\u00a0<\/li>\n\n\n\n<li>Czarny Lasek\u00a0<\/li>\n\n\n\n<li>Dro\u017canki\u00a0<\/li>\n\n\n\n<li>G\u00f3zd\u00a0<\/li>\n\n\n\n<li>Grzmucin\u00a0<\/li>\n\n\n\n<li>Karsz\u00f3wka\u00a0<\/li>\n\n\n\n<li>Klwatka Kr\u00f3lewska\u00a0<\/li>\n\n\n\n<li>K\u0142on\u00f3w\u00a0<\/li>\n\n\n\n<li>K\u0142on\u00f3wek-Kolonia\u00a0<\/li>\n\n\n\n<li>K\u0142on\u00f3wek Wie\u015b\u00a0<\/li>\n\n\n\n<li>Kiedrzyn\u00a0<\/li>\n\n\n\n<li>Kuczki-Kolonia\u00a0<\/li>\n\n\n\n<li>Kuczki Wie\u015b\u00a0<\/li>\n\n\n\n<li>Lipiny\u00a0<\/li>\n\n\n\n<li>Ma\u0142\u0119czyn Nowy\u00a0<\/li>\n\n\n\n<li>Ma\u0142\u0119czyn Stary\u00a0<\/li>\n\n\n\n<li>Niemianowice\u00a0<\/li>\n\n\n\n<li>Piskornica\u00a0<\/li>\n\n\n\n<li>Podg\u00f3ra\u00a0<\/li>\n\n\n\n<li>Wojs\u0142awice\u00a0<\/li>\n<\/ul>\n","protected":false},"excerpt":{"rendered":"<div class=\"mh-excerpt\"><p>So\u0142ectwo tworzy Rada Gminy w formie uchwa\u0142y, na zasadach okre\u015blonych w statucie gminy. Organizacj\u0119i zakres dzia\u0142ania jednostki pomocniczej okre\u015bla Rada Gminy odr\u0119bnym statutem, po przeprowadzeniu konsultacji z mieszka\u0144cami. Statut jednostki pomocniczej okre\u015bla w szczeg\u00f3lno\u015bci: Nazw\u0119 <a class=\"mh-excerpt-more\" href=\"https:\/\/nowa.gozd.pl\/?p=1178\" title=\"SO\u0141ECTWA\">[&#8230;]<\/a><\/p>\n<\/div>","protected":false},"author":1,"featured_media":0,"comment_status":"closed","ping_status":"closed","sticky":false,"template":"template-full.php","format":"standard","meta":{"footnotes":""},"categories":[1],"tags":[],"class_list":{"0":"post-1178","1":"post","2":"type-post","3":"status-publish","4":"format-standard","6":"category-uncategorized"},"_links":{"self":[{"href":"https:\/\/nowa.gozd.pl\/index.php?rest_route=\/wp\/v2\/posts\/1178","targetHints":{"allow":["GET"]}}],"collection":[{"href":"https:\/\/nowa.gozd.pl\/index.php?rest_route=\/wp\/v2\/posts"}],"about":[{"href":"https:\/\/nowa.gozd.pl\/index.php?rest_route=\/wp\/v2\/types\/post"}],"author":[{"embeddable":true,"href":"https:\/\/nowa.gozd.pl\/index.php?rest_route=\/wp\/v2\/users\/1"}],"replies":[{"embeddable":true,"href":"https:\/\/nowa.gozd.pl\/index.php?rest_route=%2Fwp%2Fv2%2Fcomments&post=1178"}],"version-history":[{"count":2,"href":"https:\/\/nowa.gozd.pl\/index.php?rest_route=\/wp\/v2\/posts\/1178\/revisions"}],"predecessor-version":[{"id":1181,"href":"https:\/\/nowa.gozd.pl\/index.php?rest_route=\/wp\/v2\/posts\/1178\/revisions\/1181"}],"wp:attachment":[{"href":"https:\/\/nowa.gozd.pl\/index.php?rest_route=%2Fwp%2Fv2%2Fmedia&parent=1178"}],"wp:term":[{"taxonomy":"category","embeddable":true,"href":"https:\/\/nowa.gozd.pl\/index.php?rest_route=%2Fwp%2Fv2%2Fcategories&post=1178"},{"taxonomy":"post_tag","embeddable":true,"href":"https:\/\/nowa.gozd.pl\/index.php?rest_route=%2Fwp%2Fv2%2Ftags&post=1178"}],"curies":[{"name":"wp","href":"https:\/\/api.w.org\/{rel}","templated":true}]}}