{"id":1220,"date":"2024-04-17T08:20:33","date_gmt":"2024-04-17T08:20:33","guid":{"rendered":"https:\/\/nowa.gozd.pl\/?p=1220"},"modified":"2024-09-02T08:35:09","modified_gmt":"2024-09-02T08:35:09","slug":"zeas-2","status":"publish","type":"post","link":"https:\/\/nowa.gozd.pl\/?p=1220","title":{"rendered":"ZEAS"},"content":{"rendered":"\n<p><strong>Dyrektor pani KATARZYNA KRAWCZYK<\/strong><\/p>\n\n\n\n<p><strong>tel., fax 048\/320-23-57<\/strong><\/p>\n\n\n\n<p>e-mail:&nbsp;<a href=\"mailto:oswiata@gozd.pl\">oswiata@gozd.pl<\/a><\/p>\n\n\n\n<p><strong>Godziny urz\u0119dowania:<\/strong><\/p>\n\n\n\n<p><strong>Poniedzia\u0142ek 8<sup>30<\/sup>-17<sup>00<\/sup><\/strong><\/p>\n\n\n\n<p><strong>Wtorek &#8211; Czwartek 7<sup>30<\/sup>-15<sup>30<\/sup><\/strong><\/p>\n\n\n\n<p><strong>Pi\u0105tek 7<sup>30<\/sup>-15<sup>00<\/sup><\/strong><\/p>\n\n\n\n<p>Zesp\u00f3\u0142 Ekonomiczno &#8211; Administracyjny Szk\u00f3\u0142 w Go\u017adzie dzia\u0142a na podstawie:<\/p>\n\n\n\n<p>1. Ustawy z dnia 7 wrze\u015bnia 1991r. o systemie o\u015bwiaty (tekst jednolity Dz. U. z 1996r. Nr 67, poz. 329 ze zmianami)<\/p>\n\n\n\n<ol class=\"wp-block-list\">\n<li><\/li>\n<\/ol>\n\n\n\n<p>2. Uchwa\u0142y Nr XIII\/61\/2003 Rady Gminy w Go\u017adzie z&nbsp;<strong>dnia 29.08.2003r.<\/strong>&nbsp;w sprawie utworzenia jednostki organizacyjnej Gminy G\u00f3zd pod nazw\u0105 Zesp\u00f3\u0142 Ekonomiczno &#8211; Administracyjny Szk\u00f3\u0142 w Go\u017adzie.<\/p>\n\n\n\n<p>3. Statutu.Innych obowi\u0105zuj\u0105cych przepis\u00f3w prawa.<\/p>\n\n\n\n<ol class=\"wp-block-list\">\n<li><\/li>\n<\/ol>\n\n\n\n<p>Zesp\u00f3\u0142 Ekonomiczno &#8211; Administracyjny Szk\u00f3\u0142 w Go\u017adzie&nbsp;nie posiada osobowo\u015bci prawnej i rozlicza si\u0119 z bud\u017cetem gminy.<\/p>\n\n\n\n<p>Struktur\u0119 organizacyjn\u0105 ZEAS-u, podzia\u0142 czynno\u015bci i odpowiedzialno\u015bci okre\u015bla Regulamin Organizacyjny ZEAS-u opracowany przez Dyrektora ZEAS-u i zatwierdzony przez W\u00f3jta Gminy G\u00f3zd.<\/p>\n\n\n\n<p>Organem&nbsp;nadzoruj\u0105cym dzia\u0142alno\u015b\u0107 ZEAS-u jest W\u00f3jt Gminy G\u00f3zd.<\/p>\n\n\n\n<p>Przedmiotem dzia\u0142ania ZEAS-u jest:<\/p>\n\n\n\n<ul class=\"wp-block-list\">\n<li>koordynacja funkcjonowania Publicznych Gimnazj\u00f3w, Publicznych Szk\u00f3\u0142 Podstawowych, Przedszkola przy Szkole Podstawowej w Go\u017adzie<\/li>\n\n\n\n<li>zapewnienie plac\u00f3wkom warunk\u00f3w dzia\u0142ania, w tym bezpiecznych i higienicznych warunk\u00f3w nauki, wychowania i opieki<\/li>\n\n\n\n<li>prowadzenie obs\u0142ugi finansowo &#8211; ksi\u0119gowej, kadrowo &#8211; p\u0142acowej i organizacyjnej<\/li>\n\n\n\n<li>nadz\u00f3r merytoryczny nad dzia\u0142alno\u015bci\u0105 podleg\u0142ych gminie plac\u00f3wek wynikaj\u0105cy z przepis\u00f3w prawa o\u015bwiatowego w zakresie kompetencji organu prowadz\u0105cego, a w szczeg\u00f3lno\u015bci wynikaj\u0105ce z art. 34a ustawy o systemie o\u015bwiaty<\/li>\n\n\n\n<li>wsp\u00f3\u0142praca z jednostkami organizacyjnymi Gminy w zakresie realizacji zada\u0144<\/li>\n\n\n\n<li>prowadzenie remont\u00f3w obiekt\u00f3w o\u015bwiatowych oraz zada\u0144 inwestycyjnych w tym zakresie<\/li>\n\n\n\n<li>prowadzenie doradztwa kadrowego i bhp<\/li>\n\n\n\n<li>wyposa\u017canie plac\u00f3wek o\u015bwiatowych w pomoce dydaktyczne i niezb\u0119dny sprz\u0119t do realizacji program\u00f3w o\u015bwiatowych<\/li>\n\n\n\n<li>prowadzenie sportu i kultury fizycznej. &nbsp;<\/li>\n<\/ul>\n","protected":false},"excerpt":{"rendered":"<div class=\"mh-excerpt\"><p>Dyrektor pani KATARZYNA KRAWCZYK tel., fax 048\/320-23-57 e-mail:&nbsp;oswiata@gozd.pl Godziny urz\u0119dowania: Poniedzia\u0142ek 830-1700 Wtorek &#8211; Czwartek 730-1530 Pi\u0105tek 730-1500 Zesp\u00f3\u0142 Ekonomiczno &#8211; Administracyjny Szk\u00f3\u0142 w Go\u017adzie dzia\u0142a na podstawie: 1. Ustawy z dnia 7 wrze\u015bnia 1991r. <a class=\"mh-excerpt-more\" href=\"https:\/\/nowa.gozd.pl\/?p=1220\" title=\"ZEAS\">[&#8230;]<\/a><\/p>\n<\/div>","protected":false},"author":1,"featured_media":0,"comment_status":"closed","ping_status":"closed","sticky":false,"template":"template-full.php","format":"standard","meta":{"footnotes":""},"categories":[1],"tags":[],"class_list":{"0":"post-1220","1":"post","2":"type-post","3":"status-publish","4":"format-standard","6":"category-uncategorized"},"_links":{"self":[{"href":"https:\/\/nowa.gozd.pl\/index.php?rest_route=\/wp\/v2\/posts\/1220","targetHints":{"allow":["GET"]}}],"collection":[{"href":"https:\/\/nowa.gozd.pl\/index.php?rest_route=\/wp\/v2\/posts"}],"about":[{"href":"https:\/\/nowa.gozd.pl\/index.php?rest_route=\/wp\/v2\/types\/post"}],"author":[{"embeddable":true,"href":"https:\/\/nowa.gozd.pl\/index.php?rest_route=\/wp\/v2\/users\/1"}],"replies":[{"embeddable":true,"href":"https:\/\/nowa.gozd.pl\/index.php?rest_route=%2Fwp%2Fv2%2Fcomments&post=1220"}],"version-history":[{"count":2,"href":"https:\/\/nowa.gozd.pl\/index.php?rest_route=\/wp\/v2\/posts\/1220\/revisions"}],"predecessor-version":[{"id":1898,"href":"https:\/\/nowa.gozd.pl\/index.php?rest_route=\/wp\/v2\/posts\/1220\/revisions\/1898"}],"wp:attachment":[{"href":"https:\/\/nowa.gozd.pl\/index.php?rest_route=%2Fwp%2Fv2%2Fmedia&parent=1220"}],"wp:term":[{"taxonomy":"category","embeddable":true,"href":"https:\/\/nowa.gozd.pl\/index.php?rest_route=%2Fwp%2Fv2%2Fcategories&post=1220"},{"taxonomy":"post_tag","embeddable":true,"href":"https:\/\/nowa.gozd.pl\/index.php?rest_route=%2Fwp%2Fv2%2Ftags&post=1220"}],"curies":[{"name":"wp","href":"https:\/\/api.w.org\/{rel}","templated":true}]}}