{"id":1332,"date":"2024-04-30T08:21:34","date_gmt":"2024-04-30T08:21:34","guid":{"rendered":"https:\/\/nowa.gozd.pl\/?p=1332"},"modified":"2024-04-30T08:23:49","modified_gmt":"2024-04-30T08:23:49","slug":"inauguracyjna-sesja-rady-gminy-gozd","status":"publish","type":"post","link":"https:\/\/nowa.gozd.pl\/?p=1332","title":{"rendered":"INAUGURACYJNA SESJA RADY GMINY G\u00d3ZD"},"content":{"rendered":"<p>W\u00f3jt Gminy G\u00f3zd pan Pawe\u0142 Dziewit informuje, <strong>\u017ce 7 maja br. o godz. 14:00<\/strong> w Domu Stra\u017caka w Go\u017adzie odb\u0119dzie si\u0119 inauguracyjna sesja Rady Gminy G\u00f3zd.<\/p>\n<p>Obrady b\u0119d\u0105 prowadzone zgodnie z porz\u0105dkiem ustalonym przez Komisarza Wyborczego w Radomiu I.<\/p>\n<p>Porz\u0105dek obrad:<\/p>\n<ol>\n<li>Otwarcie przez radnego seniora I sesji Rady Gminy G\u00f3zd.<\/li>\n<li>Wr\u0119czenie radnym za\u015bwiadcze\u0144 o wyborze.<\/li>\n<li>Z\u0142o\u017cenie \u015blubowania przez radnych Gminy G\u00f3zd.<\/li>\n<li>Stwierdzenie kworum.<\/li>\n<li>Przyj\u0119cie porz\u0105dku obrad.<\/li>\n<li>Wyb\u00f3r przewodnicz\u0105cego Rady gminy G\u00f3zd.<\/li>\n<li>Wyb\u00f3r zast\u0119pcy(\u00f3w) przewodnicz\u0105cego Rady Gminy G\u00f3zd.<\/li>\n<li>Wr\u0119czenie za\u015bwiadczenia nowo wybranemu w\u00f3jtowi Gminy G\u00f3zd i z\u0142o\u017cenie przez niego \u015blubowania.<\/li>\n<li>Zako\u0144czenie I sesji Rady Gminy G\u00f3zd.<\/li>\n<\/ol>\n","protected":false},"excerpt":{"rendered":"<div class=\"mh-excerpt\"><p>W\u00f3jt Gminy G\u00f3zd pan Pawe\u0142 Dziewit informuje, \u017ce 7 maja br. o godz. 14:00 w Domu Stra\u017caka w Go\u017adzie odb\u0119dzie si\u0119 inauguracyjna sesja Rady Gminy G\u00f3zd. Obrady b\u0119d\u0105 prowadzone zgodnie z porz\u0105dkiem ustalonym przez Komisarza <a class=\"mh-excerpt-more\" href=\"https:\/\/nowa.gozd.pl\/?p=1332\" title=\"INAUGURACYJNA SESJA RADY GMINY G\u00d3ZD\">[&#8230;]<\/a><\/p>\n<\/div>","protected":false},"author":1,"featured_media":1335,"comment_status":"closed","ping_status":"closed","sticky":false,"template":"template-full.php","format":"standard","meta":{"footnotes":""},"categories":[6],"tags":[],"class_list":{"0":"post-1332","1":"post","2":"type-post","3":"status-publish","4":"format-standard","5":"has-post-thumbnail","7":"category-prawe-boczne"},"_links":{"self":[{"href":"https:\/\/nowa.gozd.pl\/index.php?rest_route=\/wp\/v2\/posts\/1332","targetHints":{"allow":["GET"]}}],"collection":[{"href":"https:\/\/nowa.gozd.pl\/index.php?rest_route=\/wp\/v2\/posts"}],"about":[{"href":"https:\/\/nowa.gozd.pl\/index.php?rest_route=\/wp\/v2\/types\/post"}],"author":[{"embeddable":true,"href":"https:\/\/nowa.gozd.pl\/index.php?rest_route=\/wp\/v2\/users\/1"}],"replies":[{"embeddable":true,"href":"https:\/\/nowa.gozd.pl\/index.php?rest_route=%2Fwp%2Fv2%2Fcomments&post=1332"}],"version-history":[{"count":2,"href":"https:\/\/nowa.gozd.pl\/index.php?rest_route=\/wp\/v2\/posts\/1332\/revisions"}],"predecessor-version":[{"id":1336,"href":"https:\/\/nowa.gozd.pl\/index.php?rest_route=\/wp\/v2\/posts\/1332\/revisions\/1336"}],"wp:featuredmedia":[{"embeddable":true,"href":"https:\/\/nowa.gozd.pl\/index.php?rest_route=\/wp\/v2\/media\/1335"}],"wp:attachment":[{"href":"https:\/\/nowa.gozd.pl\/index.php?rest_route=%2Fwp%2Fv2%2Fmedia&parent=1332"}],"wp:term":[{"taxonomy":"category","embeddable":true,"href":"https:\/\/nowa.gozd.pl\/index.php?rest_route=%2Fwp%2Fv2%2Fcategories&post=1332"},{"taxonomy":"post_tag","embeddable":true,"href":"https:\/\/nowa.gozd.pl\/index.php?rest_route=%2Fwp%2Fv2%2Ftags&post=1332"}],"curies":[{"name":"wp","href":"https:\/\/api.w.org\/{rel}","templated":true}]}}