{"id":1337,"date":"2024-05-02T06:28:16","date_gmt":"2024-05-02T06:28:16","guid":{"rendered":"https:\/\/nowa.gozd.pl\/?p=1337"},"modified":"2024-05-02T06:28:17","modified_gmt":"2024-05-02T06:28:17","slug":"majowe-swieta-narodowe-badz-dumny-wywiez-flage","status":"publish","type":"post","link":"https:\/\/nowa.gozd.pl\/?p=1337","title":{"rendered":"MAJOWE \u015aWI\u0118TA NARODOWE. B\u0104D\u0179 DUMNY, WYWIE\u0179 FLAG\u0118"},"content":{"rendered":"<p>W tym roku obchodzimy 233 rocznic\u0119 uchwalenia Konstytucji 3 Maja. Jest to polskie \u015bwi\u0119to narodowe upami\u0119tniaj\u0105ce przyj\u0119cie w 1791 r. pierwszej w Europie i drugiej na \u015bwiecie spisanej konstytucji. Jej autorami byli: kr\u00f3l Stanis\u0142aw August Poniatowski, Ignacy Potocki oraz patron naszej szko\u0142y &#8211; Hugo Ko\u0142\u0142\u0105taj. Konstytucja by\u0142a Ustaw\u0105 Rz\u0105dow\u0105 \u2013 regulowa\u0142a prawa i obowi\u0105zki og\u00f3\u0142u mieszka\u0144c\u00f3w oraz zasady organizacji w\u0142adzy pa\u0144stwowej. Znosi\u0142a przyczyny anarchii panuj\u0105cej w pa\u0144stwie polskim: woln\u0105 elekcj\u0119, liberum veto, prawo szlachty do rokoszu i konfederacji, wy\u0142\u0105czne prawo szlachty do posiadania ziemi i pe\u0142nienia urz\u0119d\u00f3w. Zastosowano w niej zasad\u0119 tr\u00f3jpodzia\u0142u w\u0142adzy. Utworzono Stra\u017c Praw \u2013 rad\u0119 ministr\u00f3w powo\u0142ywan\u0105 przez kr\u00f3la pod kontrol\u0105 sejmu. Konstytucja 3 Maja sta\u0142a si\u0119 wzorem dla innych pa\u0144stw.<\/p>\n<p>2 maja obchodzimy Dzie\u0144 Flagi. Ustanowiony zosta\u0142 przez Sejm w 2004 roku. Celem \u015bwi\u0119ta jest promowanie szacunku do flagi oraz propagowanie wiedzy o polskiej to\u017csamo\u015bci oraz symbolach narodowych. W tym dniu Polacy z dum\u0105 wywieszaj\u0105 flagi w domach i instytucjach pa\u0144stwowych. Tego dnia obchodzimy tak\u017ce Dzie\u0144 Polonii i Polak\u00f3w za Granic\u0105.<\/p>\n\n\n<figure class=\"wp-block-image size-large\"><img loading=\"lazy\" decoding=\"async\" width=\"731\" height=\"1024\" src=\"https:\/\/nowa.gozd.pl\/wp-content\/uploads\/2024\/04\/2-i-3-maja-strona-www-731x1024.jpg\" alt=\"\" class=\"wp-image-1338\"\/><\/figure>\n","protected":false},"excerpt":{"rendered":"<div class=\"mh-excerpt\"><p>W tym roku obchodzimy 233 rocznic\u0119 uchwalenia Konstytucji 3 Maja. Jest to polskie \u015bwi\u0119to narodowe upami\u0119tniaj\u0105ce przyj\u0119cie w 1791 r. pierwszej w Europie i drugiej na \u015bwiecie spisanej konstytucji. Jej autorami byli: kr\u00f3l Stanis\u0142aw August <a class=\"mh-excerpt-more\" href=\"https:\/\/nowa.gozd.pl\/?p=1337\" title=\"MAJOWE \u015aWI\u0118TA NARODOWE. B\u0104D\u0179 DUMNY, WYWIE\u0179 FLAG\u0118\">[&#8230;]<\/a><\/p>\n<\/div>","protected":false},"author":1,"featured_media":1338,"comment_status":"closed","ping_status":"closed","sticky":false,"template":"template-full.php","format":"standard","meta":{"footnotes":""},"categories":[6],"tags":[],"class_list":{"0":"post-1337","1":"post","2":"type-post","3":"status-publish","4":"format-standard","5":"has-post-thumbnail","7":"category-prawe-boczne"},"_links":{"self":[{"href":"https:\/\/nowa.gozd.pl\/index.php?rest_route=\/wp\/v2\/posts\/1337","targetHints":{"allow":["GET"]}}],"collection":[{"href":"https:\/\/nowa.gozd.pl\/index.php?rest_route=\/wp\/v2\/posts"}],"about":[{"href":"https:\/\/nowa.gozd.pl\/index.php?rest_route=\/wp\/v2\/types\/post"}],"author":[{"embeddable":true,"href":"https:\/\/nowa.gozd.pl\/index.php?rest_route=\/wp\/v2\/users\/1"}],"replies":[{"embeddable":true,"href":"https:\/\/nowa.gozd.pl\/index.php?rest_route=%2Fwp%2Fv2%2Fcomments&post=1337"}],"version-history":[{"count":2,"href":"https:\/\/nowa.gozd.pl\/index.php?rest_route=\/wp\/v2\/posts\/1337\/revisions"}],"predecessor-version":[{"id":1342,"href":"https:\/\/nowa.gozd.pl\/index.php?rest_route=\/wp\/v2\/posts\/1337\/revisions\/1342"}],"wp:featuredmedia":[{"embeddable":true,"href":"https:\/\/nowa.gozd.pl\/index.php?rest_route=\/wp\/v2\/media\/1338"}],"wp:attachment":[{"href":"https:\/\/nowa.gozd.pl\/index.php?rest_route=%2Fwp%2Fv2%2Fmedia&parent=1337"}],"wp:term":[{"taxonomy":"category","embeddable":true,"href":"https:\/\/nowa.gozd.pl\/index.php?rest_route=%2Fwp%2Fv2%2Fcategories&post=1337"},{"taxonomy":"post_tag","embeddable":true,"href":"https:\/\/nowa.gozd.pl\/index.php?rest_route=%2Fwp%2Fv2%2Ftags&post=1337"}],"curies":[{"name":"wp","href":"https:\/\/api.w.org\/{rel}","templated":true}]}}