{"id":1446,"date":"2024-05-13T11:01:49","date_gmt":"2024-05-13T11:01:49","guid":{"rendered":"https:\/\/nowa.gozd.pl\/?p=1446"},"modified":"2024-05-13T11:02:53","modified_gmt":"2024-05-13T11:02:53","slug":"sesja-zwyczajna-rady-gminy-gozd","status":"publish","type":"post","link":"https:\/\/nowa.gozd.pl\/?p=1446","title":{"rendered":"SESJA ZWYCZAJNA RADY GMINY G\u00d3ZD"},"content":{"rendered":"<p>Przewodnicz\u0105cy Rady Gminy G\u00f3zd pan Jan Wasiak zawiadamia, \u017ce <strong>20 maja 2024 r. (poniedzia\u0142ek) o godz. 14:00<\/strong> w siedzibie Urz\u0119du Gminy w Go\u017adzie (sala nr 105) odb\u0119dzie si\u0119 sesja zwyczajna Rady Gminy G\u00f3zd z nast\u0119puj\u0105cym porz\u0105dkiem:<\/p>\n<p>1. Otwarcie sesji. <br \/>2. Przyj\u0119cie porz\u0105dku obrad. <br \/>3. Przyj\u0119cie protoko\u0142u z poprzedniej sesji.<br \/>4. Informacja W\u00f3jta o pracy mi\u0119dzy sesjami (25 marca \u2013 20 maja 2024 r.).<br \/>5. Zapytania i wnioski radnych. <br \/>6. Sprawozdanie z realizacji rocznego Programu wsp\u00f3\u0142pracy gminy G\u00f3zd z organizacjami pozarz\u0105dowymi oraz podmiotami wymienionymi w art. 3 ust. 3 ustawy o dzia\u0142alno\u015bci po\u017cytku publicznego i o wolontariacie za 2023 rok.<br \/>7. Wyb\u00f3r przewodnicz\u0105cych Komisji sta\u0142ych Rady Gminy G\u00f3zd.<br \/>a) zg\u0142aszanie kandydat\u00f3w na przewodnicz\u0105cych Komisji:<\/p>\n<ul>\n<li>Rewizyjnej<\/li>\n<li>Bud\u017cetu i Finans\u00f3w oraz Rozwoju Gospodarczego<\/li>\n<li>O\u015bwiaty, Kultury, Zdrowia, Samorz\u0105du oraz \u0141adu i Porz\u0105dku Publicznego<\/li>\n<li>Rolnictwa, Gospodarki Gruntami, Zaopatrzenia i Us\u0142ug oraz Opieki Spo\u0142ecznej<\/li>\n<li>Skarg, Wniosk\u00f3w i Petycji.<\/li>\n<\/ul>\n<p>b) g\u0142osowanie jawne nad poszczeg\u00f3lnymi kandydatami<\/p>\n<p>c) podj\u0119cie uchwa\u0142y w sprawie wyboru przewodnicz\u0105cych Komisji sta\u0142ych Rady Gminy G\u00f3zd \/projekt I\/.<\/p>\n<p>8. Powo\u0142anie Komisji sta\u0142ych Rady Gminy G\u00f3zd.<\/p>\n<p>a) zg\u0142aszanie kandydat\u00f3w przez przewodnicz\u0105cych Komisji i radnych<br \/>b) g\u0142osowanie jawne i podj\u0119cie uchwa\u0142y w sprawie powo\u0142ania Komisji sta\u0142ych Rady Gminy G\u00f3zd \/projekt II\/.<\/p>\n<p>9. Podj\u0119cie uchwa\u0142 w sprawie:<br \/>a) przyj\u0119cia oceny zasob\u00f3w pomocy spo\u0142ecznej gminy G\u00f3zd \/projekt III\/ &#8211; do wgl\u0105du w biurze Rady,<br \/>b) ustalenia miesi\u0119cznego wynagrodzenia W\u00f3jta Gminy G\u00f3zd \/projekt IV\/,<br \/>c) ustalenia zasad wyp\u0142acania wysoko\u015bci diet dla radnych oraz zwrotu koszt\u00f3w podr\u00f3\u017cy s\u0142u\u017cbowych \/projekt V\/,<br \/>d) wskazania wiceprzewodnicz\u0105cego Rady, kt\u00f3ry dokonuje czynno\u015bci polecenia wyjazdu s\u0142u\u017cbowego w stosunku do przewodnicz\u0105cego Rady Gminy \/projekt VI\/,<br \/>e) przyznania miesi\u0119cznego limitu kilometr\u00f3w na jazdy lokalne i okre\u015blenia stawki za jeden kilometr przebiegu pojazdu w jazdach lokalnych i podr\u00f3\u017cach s\u0142u\u017cbowych na obszarze kraju \/projekt VII\/,<br \/>f) zmian w bud\u017cecie gminy na 2024 rok \/projekt VIII\/.<\/p>\n<p>10. Sprawy r\u00f3\u017cne.<br \/>11. Zamkni\u0119cie obrad.<\/p>\n<p>\u00a0<\/p>\n","protected":false},"excerpt":{"rendered":"<div class=\"mh-excerpt\"><p>Przewodnicz\u0105cy Rady Gminy G\u00f3zd pan Jan Wasiak zawiadamia, \u017ce 20 maja 2024 r. (poniedzia\u0142ek) o godz. 14:00 w siedzibie Urz\u0119du Gminy w Go\u017adzie (sala nr 105) odb\u0119dzie si\u0119 sesja zwyczajna Rady Gminy G\u00f3zd z nast\u0119puj\u0105cym <a class=\"mh-excerpt-more\" href=\"https:\/\/nowa.gozd.pl\/?p=1446\" title=\"SESJA ZWYCZAJNA RADY GMINY G\u00d3ZD\">[&#8230;]<\/a><\/p>\n<\/div>","protected":false},"author":1,"featured_media":1335,"comment_status":"closed","ping_status":"closed","sticky":false,"template":"template-full.php","format":"standard","meta":{"footnotes":""},"categories":[6],"tags":[],"class_list":{"0":"post-1446","1":"post","2":"type-post","3":"status-publish","4":"format-standard","5":"has-post-thumbnail","7":"category-prawe-boczne"},"_links":{"self":[{"href":"https:\/\/nowa.gozd.pl\/index.php?rest_route=\/wp\/v2\/posts\/1446","targetHints":{"allow":["GET"]}}],"collection":[{"href":"https:\/\/nowa.gozd.pl\/index.php?rest_route=\/wp\/v2\/posts"}],"about":[{"href":"https:\/\/nowa.gozd.pl\/index.php?rest_route=\/wp\/v2\/types\/post"}],"author":[{"embeddable":true,"href":"https:\/\/nowa.gozd.pl\/index.php?rest_route=\/wp\/v2\/users\/1"}],"replies":[{"embeddable":true,"href":"https:\/\/nowa.gozd.pl\/index.php?rest_route=%2Fwp%2Fv2%2Fcomments&post=1446"}],"version-history":[{"count":2,"href":"https:\/\/nowa.gozd.pl\/index.php?rest_route=\/wp\/v2\/posts\/1446\/revisions"}],"predecessor-version":[{"id":1448,"href":"https:\/\/nowa.gozd.pl\/index.php?rest_route=\/wp\/v2\/posts\/1446\/revisions\/1448"}],"wp:featuredmedia":[{"embeddable":true,"href":"https:\/\/nowa.gozd.pl\/index.php?rest_route=\/wp\/v2\/media\/1335"}],"wp:attachment":[{"href":"https:\/\/nowa.gozd.pl\/index.php?rest_route=%2Fwp%2Fv2%2Fmedia&parent=1446"}],"wp:term":[{"taxonomy":"category","embeddable":true,"href":"https:\/\/nowa.gozd.pl\/index.php?rest_route=%2Fwp%2Fv2%2Fcategories&post=1446"},{"taxonomy":"post_tag","embeddable":true,"href":"https:\/\/nowa.gozd.pl\/index.php?rest_route=%2Fwp%2Fv2%2Ftags&post=1446"}],"curies":[{"name":"wp","href":"https:\/\/api.w.org\/{rel}","templated":true}]}}