{"id":1456,"date":"2024-05-16T06:46:43","date_gmt":"2024-05-16T06:46:43","guid":{"rendered":"https:\/\/nowa.gozd.pl\/?p=1456"},"modified":"2024-05-16T06:48:09","modified_gmt":"2024-05-16T06:48:09","slug":"na-biesiadna-i-ludowa-nute-czyli-potancowka-na-dechach","status":"publish","type":"post","link":"https:\/\/nowa.gozd.pl\/?p=1456","title":{"rendered":"NA BIESIADN\u0104 I LUDOW\u0104 NUT\u0118, CZYLI POTA\u0143C\u00d3WKA NA DECHACH"},"content":{"rendered":"<p><em>\u201e\u015awieci\u0142a gwiazdeczka na wysokim niebie\u201d, <\/em><em>\u201eCzarne oczy, czarne oczy to jest widok przeuroczy\u201d, <\/em><em>\u201ePoczekaj mi\u0142a, ja do ciebie kiedy\u015b wr\u00f3c\u0119\u201d. <\/em>Mi\u0119dzy innymi te utwory znajduj\u0105 si\u0119 w bogatym repertuarze znanej i lubianej Kapeli St\u0105porkowskiej, kt\u00f3ra zagra w Gminie G\u00f3zd w sobot\u0119, 25 maja. \u00a0Za spraw\u0105 Lokalnej Grupy Dzia\u0142ania Stowarzyszenie \u201eDziedzictwo i Rozw\u00f3j\u201d i pod honorowym patronatem w\u00f3jta gminy G\u00f3zd pana Paw\u0142a Dziewita na placu przy \u015bwietlicy wiejskiej w K\u0142onowie odb\u0119dzie si\u0119 pota\u0144c\u00f3wka na dechach. \u015awietna kapela, biesiadne porywaj\u0105ce do ta\u0144ca utwory i &#8211; miejmy nadziej\u0119 &#8211; ciep\u0142y majowy wiecz\u00f3r powinny zapewni\u0107 wspania\u0142\u0105 zabaw\u0119. Ju\u017c dzi\u015b serdecznie zapraszamy mieszka\u0144c\u00f3w gminy G\u00f3zd i nie tylko.<\/p>\n<p>\u00a0<\/p>\n\n\n<figure class=\"wp-block-image size-large\"><img loading=\"lazy\" decoding=\"async\" width=\"724\" height=\"1024\" src=\"https:\/\/nowa.gozd.pl\/wp-content\/uploads\/2024\/05\/folk_party_gozd-724x1024.png\" alt=\"\" class=\"wp-image-1457\" srcset=\"https:\/\/nowa.gozd.pl\/wp-content\/uploads\/2024\/05\/folk_party_gozd-724x1024.png 724w, https:\/\/nowa.gozd.pl\/wp-content\/uploads\/2024\/05\/folk_party_gozd-212x300.png 212w, https:\/\/nowa.gozd.pl\/wp-content\/uploads\/2024\/05\/folk_party_gozd-768x1086.png 768w, https:\/\/nowa.gozd.pl\/wp-content\/uploads\/2024\/05\/folk_party_gozd-1086x1536.png 1086w, https:\/\/nowa.gozd.pl\/wp-content\/uploads\/2024\/05\/folk_party_gozd-1448x2048.png 1448w, https:\/\/nowa.gozd.pl\/wp-content\/uploads\/2024\/05\/folk_party_gozd.png 1587w\" sizes=\"auto, (max-width: 724px) 100vw, 724px\" \/><\/figure>\n","protected":false},"excerpt":{"rendered":"<div class=\"mh-excerpt\"><p>\u201e\u015awieci\u0142a gwiazdeczka na wysokim niebie\u201d, \u201eCzarne oczy, czarne oczy to jest widok przeuroczy\u201d, \u201ePoczekaj mi\u0142a, ja do ciebie kiedy\u015b wr\u00f3c\u0119\u201d. Mi\u0119dzy innymi te utwory znajduj\u0105 si\u0119 w bogatym repertuarze znanej i lubianej Kapeli St\u0105porkowskiej, kt\u00f3ra <a class=\"mh-excerpt-more\" href=\"https:\/\/nowa.gozd.pl\/?p=1456\" title=\"NA BIESIADN\u0104 I LUDOW\u0104 NUT\u0118, CZYLI POTA\u0143C\u00d3WKA NA DECHACH\">[&#8230;]<\/a><\/p>\n<\/div>","protected":false},"author":1,"featured_media":1460,"comment_status":"closed","ping_status":"closed","sticky":false,"template":"template-full.php","format":"standard","meta":{"footnotes":""},"categories":[6],"tags":[],"class_list":{"0":"post-1456","1":"post","2":"type-post","3":"status-publish","4":"format-standard","5":"has-post-thumbnail","7":"category-prawe-boczne"},"_links":{"self":[{"href":"https:\/\/nowa.gozd.pl\/index.php?rest_route=\/wp\/v2\/posts\/1456","targetHints":{"allow":["GET"]}}],"collection":[{"href":"https:\/\/nowa.gozd.pl\/index.php?rest_route=\/wp\/v2\/posts"}],"about":[{"href":"https:\/\/nowa.gozd.pl\/index.php?rest_route=\/wp\/v2\/types\/post"}],"author":[{"embeddable":true,"href":"https:\/\/nowa.gozd.pl\/index.php?rest_route=\/wp\/v2\/users\/1"}],"replies":[{"embeddable":true,"href":"https:\/\/nowa.gozd.pl\/index.php?rest_route=%2Fwp%2Fv2%2Fcomments&post=1456"}],"version-history":[{"count":1,"href":"https:\/\/nowa.gozd.pl\/index.php?rest_route=\/wp\/v2\/posts\/1456\/revisions"}],"predecessor-version":[{"id":1459,"href":"https:\/\/nowa.gozd.pl\/index.php?rest_route=\/wp\/v2\/posts\/1456\/revisions\/1459"}],"wp:featuredmedia":[{"embeddable":true,"href":"https:\/\/nowa.gozd.pl\/index.php?rest_route=\/wp\/v2\/media\/1460"}],"wp:attachment":[{"href":"https:\/\/nowa.gozd.pl\/index.php?rest_route=%2Fwp%2Fv2%2Fmedia&parent=1456"}],"wp:term":[{"taxonomy":"category","embeddable":true,"href":"https:\/\/nowa.gozd.pl\/index.php?rest_route=%2Fwp%2Fv2%2Fcategories&post=1456"},{"taxonomy":"post_tag","embeddable":true,"href":"https:\/\/nowa.gozd.pl\/index.php?rest_route=%2Fwp%2Fv2%2Ftags&post=1456"}],"curies":[{"name":"wp","href":"https:\/\/api.w.org\/{rel}","templated":true}]}}