{"id":1474,"date":"2024-05-21T06:50:43","date_gmt":"2024-05-21T06:50:43","guid":{"rendered":"https:\/\/nowa.gozd.pl\/?p=1474"},"modified":"2024-05-21T06:50:44","modified_gmt":"2024-05-21T06:50:44","slug":"ogloszenie","status":"publish","type":"post","link":"https:\/\/nowa.gozd.pl\/?p=1474","title":{"rendered":"OG\u0141OSZENIE"},"content":{"rendered":"<p>W zwi\u0105zku z licznymi pytaniami dotycz\u0105cymi budowy sieci gazowej na terenie gminy G\u00f3zd w\u00f3jt Pawe\u0142 Dziewit organizuje w dniu <strong>27 maja 2024 r. (poniedzia\u0142ek) o godz. 17:00<\/strong> w Domu Stra\u017caka w Go\u017adzie <strong>spotkanie z dyrektorem Oddzia\u0142u Mazowieckiego Polskiej Sp\u00f3\u0142ki Gazownictwa pani\u0105 Emili\u0105 Banaszczyk.<\/strong><\/p>\n<p>Pani dyrektor oraz podlegli jej pracownicy udziel\u0105 informacji zwi\u0105zanych z mo\u017cliwo\u015bci\u0105 pod\u0142\u0105czenia do sieci gazowej oraz odpowiedz\u0105 na wszelkie Pa\u0144stwa pytania w tym zakresie.<\/p>\n<p>Serdecznie zapraszamy, w szczeg\u00f3lno\u015bci tych Pa\u0144stwa, kt\u00f3rzy zamieszkuj\u0105 so\u0142ectwa przez kt\u00f3re\u00a0 przebiega nowo wybudowana sie\u0107 gazowa, tj.: Kiedrzyn, Klwatka (Tomasz\u00f3w), Niemianowice, Kuczki-Kolonia, G\u00f3zd, Karsz\u00f3wka.<\/p>\n","protected":false},"excerpt":{"rendered":"<div class=\"mh-excerpt\"><p>W zwi\u0105zku z licznymi pytaniami dotycz\u0105cymi budowy sieci gazowej na terenie gminy G\u00f3zd w\u00f3jt Pawe\u0142 Dziewit organizuje w dniu 27 maja 2024 r. (poniedzia\u0142ek) o godz. 17:00 w Domu Stra\u017caka w Go\u017adzie spotkanie z dyrektorem <a class=\"mh-excerpt-more\" href=\"https:\/\/nowa.gozd.pl\/?p=1474\" title=\"OG\u0141OSZENIE\">[&#8230;]<\/a><\/p>\n<\/div>","protected":false},"author":1,"featured_media":1475,"comment_status":"closed","ping_status":"closed","sticky":false,"template":"template-full.php","format":"standard","meta":{"footnotes":""},"categories":[6],"tags":[],"class_list":{"0":"post-1474","1":"post","2":"type-post","3":"status-publish","4":"format-standard","5":"has-post-thumbnail","7":"category-prawe-boczne"},"_links":{"self":[{"href":"https:\/\/nowa.gozd.pl\/index.php?rest_route=\/wp\/v2\/posts\/1474","targetHints":{"allow":["GET"]}}],"collection":[{"href":"https:\/\/nowa.gozd.pl\/index.php?rest_route=\/wp\/v2\/posts"}],"about":[{"href":"https:\/\/nowa.gozd.pl\/index.php?rest_route=\/wp\/v2\/types\/post"}],"author":[{"embeddable":true,"href":"https:\/\/nowa.gozd.pl\/index.php?rest_route=\/wp\/v2\/users\/1"}],"replies":[{"embeddable":true,"href":"https:\/\/nowa.gozd.pl\/index.php?rest_route=%2Fwp%2Fv2%2Fcomments&post=1474"}],"version-history":[{"count":1,"href":"https:\/\/nowa.gozd.pl\/index.php?rest_route=\/wp\/v2\/posts\/1474\/revisions"}],"predecessor-version":[{"id":1476,"href":"https:\/\/nowa.gozd.pl\/index.php?rest_route=\/wp\/v2\/posts\/1474\/revisions\/1476"}],"wp:featuredmedia":[{"embeddable":true,"href":"https:\/\/nowa.gozd.pl\/index.php?rest_route=\/wp\/v2\/media\/1475"}],"wp:attachment":[{"href":"https:\/\/nowa.gozd.pl\/index.php?rest_route=%2Fwp%2Fv2%2Fmedia&parent=1474"}],"wp:term":[{"taxonomy":"category","embeddable":true,"href":"https:\/\/nowa.gozd.pl\/index.php?rest_route=%2Fwp%2Fv2%2Fcategories&post=1474"},{"taxonomy":"post_tag","embeddable":true,"href":"https:\/\/nowa.gozd.pl\/index.php?rest_route=%2Fwp%2Fv2%2Ftags&post=1474"}],"curies":[{"name":"wp","href":"https:\/\/api.w.org\/{rel}","templated":true}]}}