{"id":1520,"date":"2024-05-27T00:00:00","date_gmt":"2024-05-27T00:00:00","guid":{"rendered":"https:\/\/nowa.gozd.pl\/?p=1520"},"modified":"2024-05-24T10:44:49","modified_gmt":"2024-05-24T10:44:49","slug":"dzien-samorzadu-terytorialnego","status":"publish","type":"post","link":"https:\/\/nowa.gozd.pl\/?p=1520","title":{"rendered":"DZIE\u0143 SAMORZ\u0104DU TERYTORIALNEGO"},"content":{"rendered":"\n<p>Szanowni Pa\u0144stwo, Radni, So\u0142tysi, Cz\u0142onkowie Rad So\u0142eckich przyjmijcie podzi\u0119kowania za dotychczasow\u0105 prac\u0119 na rzecz rozwoju gminy G\u00f3zd. Dzi\u0119kujemy Pa\u0144stwu za zaanga\u017cowanie oraz &#8230;<\/p>\n\n\n\n<figure class=\"wp-block-image size-large\"><img loading=\"lazy\" decoding=\"async\" width=\"1024\" height=\"576\" src=\"https:\/\/nowa.gozd.pl\/wp-content\/uploads\/2024\/05\/DS_2024-1024x576.png\" alt=\"\" class=\"wp-image-1522\" srcset=\"https:\/\/nowa.gozd.pl\/wp-content\/uploads\/2024\/05\/DS_2024-1024x576.png 1024w, https:\/\/nowa.gozd.pl\/wp-content\/uploads\/2024\/05\/DS_2024-300x169.png 300w, https:\/\/nowa.gozd.pl\/wp-content\/uploads\/2024\/05\/DS_2024-768x432.png 768w, https:\/\/nowa.gozd.pl\/wp-content\/uploads\/2024\/05\/DS_2024-678x381.png 678w, https:\/\/nowa.gozd.pl\/wp-content\/uploads\/2024\/05\/DS_2024.png 1344w\" sizes=\"auto, (max-width: 1024px) 100vw, 1024px\" \/><\/figure>\n","protected":false},"excerpt":{"rendered":"<div class=\"mh-excerpt\"><p>Szanowni Pa\u0144stwo, Radni, So\u0142tysi, Cz\u0142onkowie Rad So\u0142eckich przyjmijcie podzi\u0119kowania za dotychczasow\u0105 prac\u0119 na rzecz rozwoju gminy G\u00f3zd. Dzi\u0119kujemy Pa\u0144stwu za zaanga\u017cowanie oraz &#8230;<\/p>\n<\/div>","protected":false},"author":1,"featured_media":1521,"comment_status":"closed","ping_status":"closed","sticky":false,"template":"template-full.php","format":"standard","meta":{"footnotes":""},"categories":[6],"tags":[],"class_list":{"0":"post-1520","1":"post","2":"type-post","3":"status-publish","4":"format-standard","5":"has-post-thumbnail","7":"category-prawe-boczne"},"_links":{"self":[{"href":"https:\/\/nowa.gozd.pl\/index.php?rest_route=\/wp\/v2\/posts\/1520","targetHints":{"allow":["GET"]}}],"collection":[{"href":"https:\/\/nowa.gozd.pl\/index.php?rest_route=\/wp\/v2\/posts"}],"about":[{"href":"https:\/\/nowa.gozd.pl\/index.php?rest_route=\/wp\/v2\/types\/post"}],"author":[{"embeddable":true,"href":"https:\/\/nowa.gozd.pl\/index.php?rest_route=\/wp\/v2\/users\/1"}],"replies":[{"embeddable":true,"href":"https:\/\/nowa.gozd.pl\/index.php?rest_route=%2Fwp%2Fv2%2Fcomments&post=1520"}],"version-history":[{"count":2,"href":"https:\/\/nowa.gozd.pl\/index.php?rest_route=\/wp\/v2\/posts\/1520\/revisions"}],"predecessor-version":[{"id":1524,"href":"https:\/\/nowa.gozd.pl\/index.php?rest_route=\/wp\/v2\/posts\/1520\/revisions\/1524"}],"wp:featuredmedia":[{"embeddable":true,"href":"https:\/\/nowa.gozd.pl\/index.php?rest_route=\/wp\/v2\/media\/1521"}],"wp:attachment":[{"href":"https:\/\/nowa.gozd.pl\/index.php?rest_route=%2Fwp%2Fv2%2Fmedia&parent=1520"}],"wp:term":[{"taxonomy":"category","embeddable":true,"href":"https:\/\/nowa.gozd.pl\/index.php?rest_route=%2Fwp%2Fv2%2Fcategories&post=1520"},{"taxonomy":"post_tag","embeddable":true,"href":"https:\/\/nowa.gozd.pl\/index.php?rest_route=%2Fwp%2Fv2%2Ftags&post=1520"}],"curies":[{"name":"wp","href":"https:\/\/api.w.org\/{rel}","templated":true}]}}