{"id":1582,"date":"2024-06-04T11:37:12","date_gmt":"2024-06-04T11:37:12","guid":{"rendered":"https:\/\/nowa.gozd.pl\/?p=1582"},"modified":"2024-06-04T12:03:24","modified_gmt":"2024-06-04T12:03:24","slug":"bezplatny-transport-do-lokali-wyborczych","status":"publish","type":"post","link":"https:\/\/nowa.gozd.pl\/?p=1582","title":{"rendered":"BEZP\u0141ATNY TRANSPORT DO LOKALI WYBORCZYCH"},"content":{"rendered":"\n<p>W dniu wybor\u00f3w do Parlamentu Europejskiego, tj. 9 czerwca br. (niedziela) Urz\u0105d Gminy w Go\u017adzie zapewni wszystkim ch\u0119tnym dow\u00f3z do lokali wyborczych. Do dyspozycji mieszka\u0144c\u00f3w zostan\u0105 przekazane dwa autokary, kt\u00f3re kursowa\u0107 b\u0119d\u0105 wed\u0142ug poni\u017cej zamieszczonych harmonogram\u00f3w.<\/p>\n\n\n\n<p><a href=\"http:\/\/bip.gozd.pl\/upload\/UG_290524_dowoz_do_lokali_wyborczych_autokar_zolty.pdf\">AUTOKAR \u017b\u00d3\u0141TY<\/a><\/p>\n\n\n<p><a href=\"http:\/\/bip.gozd.pl\/upload\/UG_290524_dowoz_do_lokali_wyborczych_autokar_pomara%C5%84czowy.pdf\">AUTOKAR POMARA\u0143CZOWY<\/a><\/p>\n<p><!--more--><\/p>\n\n","protected":false},"excerpt":{"rendered":"<div class=\"mh-excerpt\"><p>W dniu wybor\u00f3w do Parlamentu Europejskiego, tj. 9 czerwca br. (niedziela) Urz\u0105d Gminy w Go\u017adzie zapewni wszystkim ch\u0119tnym dow\u00f3z do lokali wyborczych. Do dyspozycji mieszka\u0144c\u00f3w zostan\u0105 przekazane dwa autokary, kt\u00f3re kursowa\u0107 b\u0119d\u0105 wed\u0142ug poni\u017cej zamieszczonych <a class=\"mh-excerpt-more\" href=\"https:\/\/nowa.gozd.pl\/?p=1582\" title=\"BEZP\u0141ATNY TRANSPORT DO LOKALI WYBORCZYCH\">[&#8230;]<\/a><\/p>\n<\/div>","protected":false},"author":1,"featured_media":1583,"comment_status":"closed","ping_status":"closed","sticky":false,"template":"template-full.php","format":"standard","meta":{"footnotes":""},"categories":[6],"tags":[],"class_list":{"0":"post-1582","1":"post","2":"type-post","3":"status-publish","4":"format-standard","5":"has-post-thumbnail","7":"category-prawe-boczne"},"_links":{"self":[{"href":"https:\/\/nowa.gozd.pl\/index.php?rest_route=\/wp\/v2\/posts\/1582","targetHints":{"allow":["GET"]}}],"collection":[{"href":"https:\/\/nowa.gozd.pl\/index.php?rest_route=\/wp\/v2\/posts"}],"about":[{"href":"https:\/\/nowa.gozd.pl\/index.php?rest_route=\/wp\/v2\/types\/post"}],"author":[{"embeddable":true,"href":"https:\/\/nowa.gozd.pl\/index.php?rest_route=\/wp\/v2\/users\/1"}],"replies":[{"embeddable":true,"href":"https:\/\/nowa.gozd.pl\/index.php?rest_route=%2Fwp%2Fv2%2Fcomments&post=1582"}],"version-history":[{"count":11,"href":"https:\/\/nowa.gozd.pl\/index.php?rest_route=\/wp\/v2\/posts\/1582\/revisions"}],"predecessor-version":[{"id":1602,"href":"https:\/\/nowa.gozd.pl\/index.php?rest_route=\/wp\/v2\/posts\/1582\/revisions\/1602"}],"wp:featuredmedia":[{"embeddable":true,"href":"https:\/\/nowa.gozd.pl\/index.php?rest_route=\/wp\/v2\/media\/1583"}],"wp:attachment":[{"href":"https:\/\/nowa.gozd.pl\/index.php?rest_route=%2Fwp%2Fv2%2Fmedia&parent=1582"}],"wp:term":[{"taxonomy":"category","embeddable":true,"href":"https:\/\/nowa.gozd.pl\/index.php?rest_route=%2Fwp%2Fv2%2Fcategories&post=1582"},{"taxonomy":"post_tag","embeddable":true,"href":"https:\/\/nowa.gozd.pl\/index.php?rest_route=%2Fwp%2Fv2%2Ftags&post=1582"}],"curies":[{"name":"wp","href":"https:\/\/api.w.org\/{rel}","templated":true}]}}