{"id":1617,"date":"2024-06-12T12:35:56","date_gmt":"2024-06-12T12:35:56","guid":{"rendered":"https:\/\/nowa.gozd.pl\/?p=1617"},"modified":"2024-06-12T12:35:56","modified_gmt":"2024-06-12T12:35:56","slug":"sesja-zwyczajna-rady-gminy-gozd-2","status":"publish","type":"post","link":"https:\/\/nowa.gozd.pl\/?p=1617","title":{"rendered":"SESJA ZWYCZAJNA RADY GMINY G\u00d3ZD"},"content":{"rendered":"<p>Przewodnicz\u0105cy Rady Gminy G\u00f3zd pan Jan Wasiak zawiadamia, \u017ce w dniu <strong>19 czerwca 2024 r. (\u015broda) o godz. 11:00<\/strong> w siedzibie Urz\u0119du Gminy w Go\u017adzie (sala nr 105) odb\u0119dzie si\u0119 sesja zwyczajna Rady Gminy G\u00f3zd z nast\u0119puj\u0105cym porz\u0105dkiem:<\/p>\n<p>1. Otwarcie sesji.<br \/>2. Przyj\u0119cie porz\u0105dku obrad.<br \/>3. Przyj\u0119cie protoko\u0142u z poprzedniej sesji.<br \/>4. Informacja W\u00f3jta o pracy mi\u0119dzy sesjami. <br \/>5. Zapoznanie radnych z wyst\u0105pieniem pokontrolnym Regionalnej Izby Obrachunkowej w Warszawie.<br \/>6. Zapytania i wnioski radnych.<br \/>7. Zatwierdzenie rocznego sprawozdania finansowego z dzia\u0142alno\u015bci Gminnego O\u015brodka Zdrowia w Go\u017adzie za 2023 rok:<br \/>a) wyst\u0105pienie Zarz\u0105dzaj\u0105cego S.P.Z.O.Z,<br \/>b) zapoznanie z opini\u0105 Rady Spo\u0142ecznej S.P.Z.O.Z,<br \/>c) dyskusja,<br \/>d) podj\u0119cie uchwa\u0142y w sprawie zatwierdzenia rocznego sprawozdania finansowego z dzia\u0142alno\u015bci Gminnego O\u015brodka Zdrowia w Go\u017adzie za 2023 rok \/projekt I\/.<br \/>8. Zatwierdzenie rocznego sprawozdania finansowego z dzia\u0142alno\u015bci instytucji kultury \u2013 Gminnej Biblioteki Publicznej w Go\u017adzie za 2023 rok:<br \/>a) wyst\u0105pienie dyrektora Gminnej Biblioteki Publicznej, <br \/>b) dyskusja,<br \/>c) podj\u0119cie uchwa\u0142y w sprawie zatwierdzenia rocznego sprawozdania finansowego z dzia\u0142alno\u015bci instytucji kultury \u2013 Gminnej Biblioteki Publicznej w Go\u017adzie za 2023 rok \/projekt II\/.<br \/>9. Rozpatrzenie raportu o stanie gminy za 2023 rok:<br \/>a) wyst\u0105pienie W\u00f3jta, <br \/>b) debata,<br \/>c) podj\u0119cie uchwa\u0142y w sprawie wotum zaufania dla W\u00f3jta Gminy G\u00f3zd \/projekt III\/.<br \/>10. Rozpatrzenie sprawozdania z wykonania bud\u017cetu gminy za 2023 rok i sprawozdania finansowego oraz udzielenie absolutorium W\u00f3jtowi Gminy G\u00f3zd:<br \/>a) przed\u0142o\u017cenie sprawozdania przez W\u00f3jta,<br \/>b) zapoznanie z opini\u0105 Regionalnej Izby Obrachunkowej o przed\u0142o\u017conych sprawozdaniach, tj.: o sprawozdaniu z wykonania bud\u017cetu za 2023 rok i sprawozdaniu finansowym,<br \/>c) wyst\u0105pienie Komisji Rewizyjnej w sprawie wniosku dotycz\u0105cego absolutorium dla W\u00f3jta za 2023 rok,<br \/>d) zapoznanie z opini\u0105 Regionalnej Izby Obrachunkowej o przed\u0142o\u017conym wniosku Komisji Rewizyjnej w sprawie absolutorium dla W\u00f3jta za 2023 rok,<br \/>e) dyskusja,<br \/>f) podj\u0119cie uchwa\u0142y w sprawie rozpatrzenia i zatwierdzenia sprawozdania W\u00f3jta z wykonania bud\u017cetu za 2023 rok i sprawozdania finansowego \/projekt IV\/,<br \/>g) podj\u0119cie uchwa\u0142y w sprawie udzielenia W\u00f3jtowi Gminy G\u00f3zd absolutorium z tytu\u0142u wykonania bud\u017cetu za 2023 rok \/projekt V\/.<br \/>11. Podj\u0119cie uchwa\u0142 w sprawie:<br \/>a) wyra\u017cenia zgody na zawarcie umowy najmu na czas nieoznaczony w trybie bezprzetargowym\/projekt VI\/,<br \/>b) wyra\u017cenia zgody na nieodp\u0142atne nabycie nieruchomo\u015bci od Skarbu Pa\u0144stwa \/projekt VII\/, <br \/>c) wyboru metody ustalenia op\u0142aty za gospodarowanie odpadami komunalnymi i ustalenia stawki tej op\u0142aty oraz zwolnienia w cz\u0119\u015bci z op\u0142aty za gospodarowanie odpadami komunalnymi w\u0142a\u015bcicieli nieruchomo\u015bci zabudowanych budynkami mieszkalnymi jednorodzinnymi kompostuj\u0105cych bioodpady stanowi\u0105ce odpady komunalne w kompostowniku przydomowym \/projekt VIII\/,<br \/>d) pokrycia cz\u0119\u015bci koszt\u00f3w gospodarowania odpadami komunalnymi z dochod\u00f3w w\u0142asnych niepochodz\u0105cych z pobranej op\u0142aty za gospodarowanie odpadami komunalnymi \/projekt IX\/,<br \/>e) przyj\u0119cia plan\u00f3w pracy komisji sta\u0142ych Rady Gminy G\u00f3zd \/projekt X\/,<br \/>f) zmian w bud\u017cecie gminy na 2023 rok \/projekt XI\/,<br \/>g) nadania nazwy drodze wewn\u0119trznej w miejscowo\u015bci Ma\u0142\u0119czyn \/projekt XII\/,<br \/>h) nadania nazw ulicom w miejscowo\u015bci Klwatka Kr\u00f3lewska \/projekt XIII\/. <br \/>12. Sprawy r\u00f3\u017cne.<br \/>13. Zako\u0144czenie obrad.<\/p>\n","protected":false},"excerpt":{"rendered":"<div class=\"mh-excerpt\"><p>Przewodnicz\u0105cy Rady Gminy G\u00f3zd pan Jan Wasiak zawiadamia, \u017ce w dniu 19 czerwca 2024 r. (\u015broda) o godz. 11:00 w siedzibie Urz\u0119du Gminy w Go\u017adzie (sala nr 105) odb\u0119dzie si\u0119 sesja zwyczajna Rady Gminy G\u00f3zd <a class=\"mh-excerpt-more\" href=\"https:\/\/nowa.gozd.pl\/?p=1617\" title=\"SESJA ZWYCZAJNA RADY GMINY G\u00d3ZD\">[&#8230;]<\/a><\/p>\n<\/div>","protected":false},"author":1,"featured_media":1529,"comment_status":"closed","ping_status":"closed","sticky":false,"template":"template-full.php","format":"standard","meta":{"footnotes":""},"categories":[6],"tags":[],"class_list":{"0":"post-1617","1":"post","2":"type-post","3":"status-publish","4":"format-standard","5":"has-post-thumbnail","7":"category-prawe-boczne"},"_links":{"self":[{"href":"https:\/\/nowa.gozd.pl\/index.php?rest_route=\/wp\/v2\/posts\/1617","targetHints":{"allow":["GET"]}}],"collection":[{"href":"https:\/\/nowa.gozd.pl\/index.php?rest_route=\/wp\/v2\/posts"}],"about":[{"href":"https:\/\/nowa.gozd.pl\/index.php?rest_route=\/wp\/v2\/types\/post"}],"author":[{"embeddable":true,"href":"https:\/\/nowa.gozd.pl\/index.php?rest_route=\/wp\/v2\/users\/1"}],"replies":[{"embeddable":true,"href":"https:\/\/nowa.gozd.pl\/index.php?rest_route=%2Fwp%2Fv2%2Fcomments&post=1617"}],"version-history":[{"count":1,"href":"https:\/\/nowa.gozd.pl\/index.php?rest_route=\/wp\/v2\/posts\/1617\/revisions"}],"predecessor-version":[{"id":1618,"href":"https:\/\/nowa.gozd.pl\/index.php?rest_route=\/wp\/v2\/posts\/1617\/revisions\/1618"}],"wp:featuredmedia":[{"embeddable":true,"href":"https:\/\/nowa.gozd.pl\/index.php?rest_route=\/wp\/v2\/media\/1529"}],"wp:attachment":[{"href":"https:\/\/nowa.gozd.pl\/index.php?rest_route=%2Fwp%2Fv2%2Fmedia&parent=1617"}],"wp:term":[{"taxonomy":"category","embeddable":true,"href":"https:\/\/nowa.gozd.pl\/index.php?rest_route=%2Fwp%2Fv2%2Fcategories&post=1617"},{"taxonomy":"post_tag","embeddable":true,"href":"https:\/\/nowa.gozd.pl\/index.php?rest_route=%2Fwp%2Fv2%2Ftags&post=1617"}],"curies":[{"name":"wp","href":"https:\/\/api.w.org\/{rel}","templated":true}]}}