{"id":1801,"date":"2024-07-22T12:31:22","date_gmt":"2024-07-22T12:31:22","guid":{"rendered":"https:\/\/nowa.gozd.pl\/?p=1801"},"modified":"2024-07-22T12:31:23","modified_gmt":"2024-07-22T12:31:23","slug":"sesja-zwyczajna-rady-gminy-gozd-3","status":"publish","type":"post","link":"https:\/\/nowa.gozd.pl\/?p=1801","title":{"rendered":"SESJA ZWYCZAJNA RADY GMINY G\u00d3ZD"},"content":{"rendered":"\n<p>Przewodnicz\u0105cy Rady Gminy G\u00f3zd pan Jan Wasiak zawiadamia, \u017ce w dniu <strong>29 lipca 2024 r. (poniedzia\u0142ek) o godz. 10:00<\/strong>\u00a0w siedzibie Urz\u0119du Gminy w Go\u017adzie (sala nr 105) odb\u0119dzie si\u0119 zwyczajna sesja Rady Gminy G\u00f3zd z nast\u0119puj\u0105cym porz\u0105dkiem:<\/p>\n\n\n<ol>\n<li>Przyj\u0119cie porz\u0105dku obrad.<\/li>\n<li>Przyj\u0119cie protoko\u0142u z poprzedniej sesji.<\/li>\n<li>Informacja W\u00f3jta o pracy mi\u0119dzy sesjami.<\/li>\n<li>Informacja o zmianach kadrowych w Posterunku Policji w Go\u017adzie. Wyst\u0105pienie nadkom. Rados\u0142awa Kapusty oraz podkom. Damiana S\u0142oniewskiego.<\/li>\n<li>Zapytania i wnioski radnych.<\/li>\n<li>Podj\u0119cie uchwa\u0142 w sprawie:<\/li>\n<\/ol>\n<ul>\n<li>powo\u0142ania dora\u017anej Komisji Statutowej Rady Gminy G\u00f3zd \/projekt I\/,<\/li>\n<li>wprowadzenia zmiany w Uchwale Nr IV\/32\/2019 z dnia 18 lutego 2019 r. w sprawie poboru w drodze inkasa podatku rolnego, le\u015bnego, od nieruchomo\u015bci od os\u00f3b fizycznych oraz ustalenia wynagrodzenia za inkaso\/projekt II\/,<\/li>\n<li>wprowadzenia zmiany w Uchwale Nr IV\/33\/2019 z dnia 18 lutego 2019 r. w sprawie poboru op\u0142aty za gospodarowanie odpadami komunalnymi w drodze inkasa, wyznaczenia inkasent\u00f3w i okre\u015blenia wysoko\u015bci wynagrodzenia za inkaso \/projekt III\/,<\/li>\n<li>powo\u0142ania skarbnika Gminy G\u00f3zd \/projekt IV\/,<\/li>\n<li>zmian w bud\u017cecie gminy na 2024 rok \/projekt V\/,<\/li>\n<li>zmian Wieloletniej Prognozy Finansowej Gminy G\u00f3zd na lata 2024-2033 \/projekt VI\/.<\/li>\n<\/ul>\n<ol>\n<li>Sprawy r\u00f3\u017cne.<\/li>\n<li>Zako\u0144czenie obrad.<\/li>\n<\/ol>","protected":false},"excerpt":{"rendered":"<div class=\"mh-excerpt\"><p>Przewodnicz\u0105cy Rady Gminy G\u00f3zd pan Jan Wasiak zawiadamia, \u017ce w dniu 29 lipca 2024 r. (poniedzia\u0142ek) o godz. 10:00\u00a0w siedzibie Urz\u0119du Gminy w Go\u017adzie (sala nr 105) odb\u0119dzie si\u0119 zwyczajna sesja Rady Gminy G\u00f3zd z <a class=\"mh-excerpt-more\" href=\"https:\/\/nowa.gozd.pl\/?p=1801\" title=\"SESJA ZWYCZAJNA RADY GMINY G\u00d3ZD\">[&#8230;]<\/a><\/p>\n<\/div>","protected":false},"author":1,"featured_media":1529,"comment_status":"closed","ping_status":"closed","sticky":false,"template":"template-full.php","format":"standard","meta":{"footnotes":""},"categories":[6],"tags":[],"class_list":{"0":"post-1801","1":"post","2":"type-post","3":"status-publish","4":"format-standard","5":"has-post-thumbnail","7":"category-prawe-boczne"},"_links":{"self":[{"href":"https:\/\/nowa.gozd.pl\/index.php?rest_route=\/wp\/v2\/posts\/1801","targetHints":{"allow":["GET"]}}],"collection":[{"href":"https:\/\/nowa.gozd.pl\/index.php?rest_route=\/wp\/v2\/posts"}],"about":[{"href":"https:\/\/nowa.gozd.pl\/index.php?rest_route=\/wp\/v2\/types\/post"}],"author":[{"embeddable":true,"href":"https:\/\/nowa.gozd.pl\/index.php?rest_route=\/wp\/v2\/users\/1"}],"replies":[{"embeddable":true,"href":"https:\/\/nowa.gozd.pl\/index.php?rest_route=%2Fwp%2Fv2%2Fcomments&post=1801"}],"version-history":[{"count":1,"href":"https:\/\/nowa.gozd.pl\/index.php?rest_route=\/wp\/v2\/posts\/1801\/revisions"}],"predecessor-version":[{"id":1802,"href":"https:\/\/nowa.gozd.pl\/index.php?rest_route=\/wp\/v2\/posts\/1801\/revisions\/1802"}],"wp:featuredmedia":[{"embeddable":true,"href":"https:\/\/nowa.gozd.pl\/index.php?rest_route=\/wp\/v2\/media\/1529"}],"wp:attachment":[{"href":"https:\/\/nowa.gozd.pl\/index.php?rest_route=%2Fwp%2Fv2%2Fmedia&parent=1801"}],"wp:term":[{"taxonomy":"category","embeddable":true,"href":"https:\/\/nowa.gozd.pl\/index.php?rest_route=%2Fwp%2Fv2%2Fcategories&post=1801"},{"taxonomy":"post_tag","embeddable":true,"href":"https:\/\/nowa.gozd.pl\/index.php?rest_route=%2Fwp%2Fv2%2Ftags&post=1801"}],"curies":[{"name":"wp","href":"https:\/\/api.w.org\/{rel}","templated":true}]}}