{"id":1843,"date":"2024-08-12T13:36:33","date_gmt":"2024-08-12T13:36:33","guid":{"rendered":"https:\/\/nowa.gozd.pl\/?p=1843"},"modified":"2024-08-12T13:37:47","modified_gmt":"2024-08-12T13:37:47","slug":"informacja","status":"publish","type":"post","link":"https:\/\/nowa.gozd.pl\/?p=1843","title":{"rendered":"INFORMACJA"},"content":{"rendered":"\n<p>Gmina G\u00f3zd realizuje inwestycj\u0119 wsp\u00f3\u0142finansowan\u0105 ze \u015brodk\u00f3w Unii Europejskiej w ramach poddzia\u0142ania 19.2 \u201eWsparcie na wdra\u017canie operacji w ramach strategii rozwoju lokalnego kierowanego przez spo\u0142eczno\u015b\u0107\u201d w ramach dzia\u0142ania \u201eWsparcie dla rozwoju lokalnego w ramach inicjatywy LEADER\u201d obj\u0119tego\u00a0 Programem w zakresie\u00a0 \u201eRozw\u00f3j og\u00f3lnodost\u0119pnej i niekomercyjnej infrastruktury turystycznej lub rekreacyjnej, lub kulturalnej\u201d obj\u0119tego Programem Rozwoju Obszar\u00f3w Wiejskich na lata 2014-2020 \u2013 tytu\u0142 operacji:\u00a0<strong>\u201eZagospodarowanie terenu rekreacyjnego w miejscowo\u015bci Grzmucin, gmina G\u00f3zd\u201d.<\/strong><\/p>\n\n\n\n<figure class=\"wp-block-image size-large\"><img loading=\"lazy\" decoding=\"async\" width=\"1024\" height=\"683\" src=\"https:\/\/nowa.gozd.pl\/wp-content\/uploads\/2024\/08\/Tablica-Grzmucin-1024x683.png\" alt=\"\" class=\"wp-image-1844\" srcset=\"https:\/\/nowa.gozd.pl\/wp-content\/uploads\/2024\/08\/Tablica-Grzmucin-1024x683.png 1024w, https:\/\/nowa.gozd.pl\/wp-content\/uploads\/2024\/08\/Tablica-Grzmucin-300x200.png 300w, https:\/\/nowa.gozd.pl\/wp-content\/uploads\/2024\/08\/Tablica-Grzmucin-768x512.png 768w, https:\/\/nowa.gozd.pl\/wp-content\/uploads\/2024\/08\/Tablica-Grzmucin-1536x1024.png 1536w, https:\/\/nowa.gozd.pl\/wp-content\/uploads\/2024\/08\/Tablica-Grzmucin-2048x1366.png 2048w\" sizes=\"auto, (max-width: 1024px) 100vw, 1024px\" \/><\/figure>\n","protected":false},"excerpt":{"rendered":"<div class=\"mh-excerpt\"><p>Gmina G\u00f3zd realizuje inwestycj\u0119 wsp\u00f3\u0142finansowan\u0105 ze \u015brodk\u00f3w Unii Europejskiej w ramach poddzia\u0142ania 19.2 \u201eWsparcie na wdra\u017canie operacji w ramach strategii rozwoju lokalnego kierowanego przez spo\u0142eczno\u015b\u0107\u201d w ramach dzia\u0142ania \u201eWsparcie dla rozwoju lokalnego w ramach inicjatywy <a class=\"mh-excerpt-more\" href=\"https:\/\/nowa.gozd.pl\/?p=1843\" title=\"INFORMACJA\">[&#8230;]<\/a><\/p>\n<\/div>","protected":false},"author":1,"featured_media":1845,"comment_status":"closed","ping_status":"closed","sticky":false,"template":"template-full.php","format":"standard","meta":{"footnotes":""},"categories":[6],"tags":[],"class_list":{"0":"post-1843","1":"post","2":"type-post","3":"status-publish","4":"format-standard","5":"has-post-thumbnail","7":"category-prawe-boczne"},"_links":{"self":[{"href":"https:\/\/nowa.gozd.pl\/index.php?rest_route=\/wp\/v2\/posts\/1843","targetHints":{"allow":["GET"]}}],"collection":[{"href":"https:\/\/nowa.gozd.pl\/index.php?rest_route=\/wp\/v2\/posts"}],"about":[{"href":"https:\/\/nowa.gozd.pl\/index.php?rest_route=\/wp\/v2\/types\/post"}],"author":[{"embeddable":true,"href":"https:\/\/nowa.gozd.pl\/index.php?rest_route=\/wp\/v2\/users\/1"}],"replies":[{"embeddable":true,"href":"https:\/\/nowa.gozd.pl\/index.php?rest_route=%2Fwp%2Fv2%2Fcomments&post=1843"}],"version-history":[{"count":1,"href":"https:\/\/nowa.gozd.pl\/index.php?rest_route=\/wp\/v2\/posts\/1843\/revisions"}],"predecessor-version":[{"id":1846,"href":"https:\/\/nowa.gozd.pl\/index.php?rest_route=\/wp\/v2\/posts\/1843\/revisions\/1846"}],"wp:featuredmedia":[{"embeddable":true,"href":"https:\/\/nowa.gozd.pl\/index.php?rest_route=\/wp\/v2\/media\/1845"}],"wp:attachment":[{"href":"https:\/\/nowa.gozd.pl\/index.php?rest_route=%2Fwp%2Fv2%2Fmedia&parent=1843"}],"wp:term":[{"taxonomy":"category","embeddable":true,"href":"https:\/\/nowa.gozd.pl\/index.php?rest_route=%2Fwp%2Fv2%2Fcategories&post=1843"},{"taxonomy":"post_tag","embeddable":true,"href":"https:\/\/nowa.gozd.pl\/index.php?rest_route=%2Fwp%2Fv2%2Ftags&post=1843"}],"curies":[{"name":"wp","href":"https:\/\/api.w.org\/{rel}","templated":true}]}}