{"id":1847,"date":"2024-08-15T07:00:00","date_gmt":"2024-08-15T07:00:00","guid":{"rendered":"https:\/\/nowa.gozd.pl\/?p=1847"},"modified":"2024-08-14T10:40:39","modified_gmt":"2024-08-14T10:40:39","slug":"104-rocznica-bitwy-warszawskiej-i-dzien-wojska-polskiego","status":"publish","type":"post","link":"https:\/\/nowa.gozd.pl\/?p=1847","title":{"rendered":"104. ROCZNICA BITWY WARSZAWSKIEJ I DZIE\u0143  WOJSKA POLSKIEGO"},"content":{"rendered":"\n<p>W dniach 13-15 sierpnia 1920 r. na przedpolach Warszawy rozegra\u0142a si\u0119 decyduj\u0105ca bitwa wojny polsko-bolszewickiej. Okre\u015blana mianem &#8222;cudu nad Wis\u0142\u0105&#8221; i uznawana za 18. prze\u0142omow\u0105 bitw\u0119 w historii \u015bwiata zadecydowa\u0142a o zachowaniu przez Polsk\u0119 niepodleg\u0142o\u015bci i uratowaniu Europy przed bolszewizmem. Na jej pami\u0105tk\u0119 Sejm RP ustaw\u0105 z dnia 30 lipca 1992 r. ustanowi\u0142 dzie\u0144 15 sierpnia \u015bwi\u0119tem Wojska Polskiego.<br>\u00a0<\/p>\n\n\n\n<p><\/p>\n","protected":false},"excerpt":{"rendered":"<div class=\"mh-excerpt\"><p>W dniach 13-15 sierpnia 1920 r. na przedpolach Warszawy rozegra\u0142a si\u0119 decyduj\u0105ca bitwa wojny polsko-bolszewickiej. Okre\u015blana mianem &#8222;cudu nad Wis\u0142\u0105&#8221; i uznawana za 18. prze\u0142omow\u0105 bitw\u0119 w historii \u015bwiata zadecydowa\u0142a o zachowaniu przez Polsk\u0119 niepodleg\u0142o\u015bci <a class=\"mh-excerpt-more\" href=\"https:\/\/nowa.gozd.pl\/?p=1847\" title=\"104. ROCZNICA BITWY WARSZAWSKIEJ I DZIE\u0143  WOJSKA POLSKIEGO\">[&#8230;]<\/a><\/p>\n<\/div>","protected":false},"author":1,"featured_media":1851,"comment_status":"closed","ping_status":"closed","sticky":false,"template":"template-full.php","format":"standard","meta":{"footnotes":""},"categories":[6],"tags":[],"class_list":{"0":"post-1847","1":"post","2":"type-post","3":"status-publish","4":"format-standard","5":"has-post-thumbnail","7":"category-prawe-boczne"},"_links":{"self":[{"href":"https:\/\/nowa.gozd.pl\/index.php?rest_route=\/wp\/v2\/posts\/1847","targetHints":{"allow":["GET"]}}],"collection":[{"href":"https:\/\/nowa.gozd.pl\/index.php?rest_route=\/wp\/v2\/posts"}],"about":[{"href":"https:\/\/nowa.gozd.pl\/index.php?rest_route=\/wp\/v2\/types\/post"}],"author":[{"embeddable":true,"href":"https:\/\/nowa.gozd.pl\/index.php?rest_route=\/wp\/v2\/users\/1"}],"replies":[{"embeddable":true,"href":"https:\/\/nowa.gozd.pl\/index.php?rest_route=%2Fwp%2Fv2%2Fcomments&post=1847"}],"version-history":[{"count":1,"href":"https:\/\/nowa.gozd.pl\/index.php?rest_route=\/wp\/v2\/posts\/1847\/revisions"}],"predecessor-version":[{"id":1849,"href":"https:\/\/nowa.gozd.pl\/index.php?rest_route=\/wp\/v2\/posts\/1847\/revisions\/1849"}],"wp:featuredmedia":[{"embeddable":true,"href":"https:\/\/nowa.gozd.pl\/index.php?rest_route=\/wp\/v2\/media\/1851"}],"wp:attachment":[{"href":"https:\/\/nowa.gozd.pl\/index.php?rest_route=%2Fwp%2Fv2%2Fmedia&parent=1847"}],"wp:term":[{"taxonomy":"category","embeddable":true,"href":"https:\/\/nowa.gozd.pl\/index.php?rest_route=%2Fwp%2Fv2%2Fcategories&post=1847"},{"taxonomy":"post_tag","embeddable":true,"href":"https:\/\/nowa.gozd.pl\/index.php?rest_route=%2Fwp%2Fv2%2Ftags&post=1847"}],"curies":[{"name":"wp","href":"https:\/\/api.w.org\/{rel}","templated":true}]}}