{"id":1883,"date":"2024-09-01T12:49:51","date_gmt":"2024-09-01T12:49:51","guid":{"rendered":"https:\/\/nowa.gozd.pl\/?p=1883"},"modified":"2024-09-01T12:53:54","modified_gmt":"2024-09-01T12:53:54","slug":"85-rocznica-wybuchu-ii-wojny-witowej","status":"publish","type":"post","link":"https:\/\/nowa.gozd.pl\/?p=1883","title":{"rendered":"85. ROCZNICA WYBUCHU II WOJNY \u015aWIATOWEJ"},"content":{"rendered":"\n<p>1 wrze\u015bnia 1939 r. o godzinie 4<sup>45<\/sup>, gdy \u017co\u0142nierze na Westerplatte przygotowali si\u0119 do zmiany warty, pot\u0119\u017cny huk rozdar\u0142 powietrze. To okr\u0119t \u201eSchleswig-Holstein\u201d, kt\u00f3ry podszed\u0142 na odleg\u0142o\u015b\u0107 kilkuset metr\u00f3w od Westerplatte, otworzy\u0142 ogie\u0144 z dzia\u0142 g\u0142\u00f3wnego i \u015bredniego kalibru. R\u00f3wnocze\u015bnie z pierwszym napadem ogniowym, napastnicy wysadzili bram\u0119 kolejow\u0105 i mur, przez kt\u00f3ry do ataku ruszy\u0142y oddzia\u0142y piechoty z\u0142o\u017cone z gda\u0144skiej policji i SS.<\/p>\n\n\n\n<p><\/p>\n\n\n\n<figure class=\"wp-block-image size-full\"><img loading=\"lazy\" decoding=\"async\" width=\"950\" height=\"633\" src=\"https:\/\/nowa.gozd.pl\/wp-content\/uploads\/2024\/09\/bez_nazwy_post_na_facebooka_krajobraz_30\u00d720_cm_1-1.jpg\" alt=\"\" class=\"wp-image-1885\" srcset=\"https:\/\/nowa.gozd.pl\/wp-content\/uploads\/2024\/09\/bez_nazwy_post_na_facebooka_krajobraz_30\u00d720_cm_1-1.jpg 950w, https:\/\/nowa.gozd.pl\/wp-content\/uploads\/2024\/09\/bez_nazwy_post_na_facebooka_krajobraz_30\u00d720_cm_1-1-300x200.jpg 300w, https:\/\/nowa.gozd.pl\/wp-content\/uploads\/2024\/09\/bez_nazwy_post_na_facebooka_krajobraz_30\u00d720_cm_1-1-768x512.jpg 768w\" sizes=\"auto, (max-width: 950px) 100vw, 950px\" \/><\/figure>\n","protected":false},"excerpt":{"rendered":"<div class=\"mh-excerpt\"><p>1 wrze\u015bnia 1939 r. o godzinie 445, gdy \u017co\u0142nierze na Westerplatte przygotowali si\u0119 do zmiany warty, pot\u0119\u017cny huk rozdar\u0142 powietrze. To okr\u0119t \u201eSchleswig-Holstein\u201d, kt\u00f3ry podszed\u0142 na odleg\u0142o\u015b\u0107 kilkuset metr\u00f3w od Westerplatte, otworzy\u0142 ogie\u0144 z dzia\u0142 <a class=\"mh-excerpt-more\" href=\"https:\/\/nowa.gozd.pl\/?p=1883\" title=\"85. ROCZNICA WYBUCHU II WOJNY \u015aWIATOWEJ\">[&#8230;]<\/a><\/p>\n<\/div>","protected":false},"author":1,"featured_media":1884,"comment_status":"closed","ping_status":"closed","sticky":false,"template":"template-full.php","format":"standard","meta":{"footnotes":""},"categories":[6],"tags":[],"class_list":{"0":"post-1883","1":"post","2":"type-post","3":"status-publish","4":"format-standard","5":"has-post-thumbnail","7":"category-prawe-boczne"},"_links":{"self":[{"href":"https:\/\/nowa.gozd.pl\/index.php?rest_route=\/wp\/v2\/posts\/1883","targetHints":{"allow":["GET"]}}],"collection":[{"href":"https:\/\/nowa.gozd.pl\/index.php?rest_route=\/wp\/v2\/posts"}],"about":[{"href":"https:\/\/nowa.gozd.pl\/index.php?rest_route=\/wp\/v2\/types\/post"}],"author":[{"embeddable":true,"href":"https:\/\/nowa.gozd.pl\/index.php?rest_route=\/wp\/v2\/users\/1"}],"replies":[{"embeddable":true,"href":"https:\/\/nowa.gozd.pl\/index.php?rest_route=%2Fwp%2Fv2%2Fcomments&post=1883"}],"version-history":[{"count":3,"href":"https:\/\/nowa.gozd.pl\/index.php?rest_route=\/wp\/v2\/posts\/1883\/revisions"}],"predecessor-version":[{"id":1889,"href":"https:\/\/nowa.gozd.pl\/index.php?rest_route=\/wp\/v2\/posts\/1883\/revisions\/1889"}],"wp:featuredmedia":[{"embeddable":true,"href":"https:\/\/nowa.gozd.pl\/index.php?rest_route=\/wp\/v2\/media\/1884"}],"wp:attachment":[{"href":"https:\/\/nowa.gozd.pl\/index.php?rest_route=%2Fwp%2Fv2%2Fmedia&parent=1883"}],"wp:term":[{"taxonomy":"category","embeddable":true,"href":"https:\/\/nowa.gozd.pl\/index.php?rest_route=%2Fwp%2Fv2%2Fcategories&post=1883"},{"taxonomy":"post_tag","embeddable":true,"href":"https:\/\/nowa.gozd.pl\/index.php?rest_route=%2Fwp%2Fv2%2Ftags&post=1883"}],"curies":[{"name":"wp","href":"https:\/\/api.w.org\/{rel}","templated":true}]}}