{"id":1890,"date":"2024-09-02T05:15:33","date_gmt":"2024-09-02T05:15:33","guid":{"rendered":"https:\/\/nowa.gozd.pl\/?p=1890"},"modified":"2024-09-02T05:15:33","modified_gmt":"2024-09-02T05:15:33","slug":"zyczenia-wladz-samorzadowych-na-nowy-rok-szkolny","status":"publish","type":"post","link":"https:\/\/nowa.gozd.pl\/?p=1890","title":{"rendered":"\u017bYCZENIA W\u0141ADZ SAMORZ\u0104DOWYCH NA NOWY ROK SZKOLNY"},"content":{"rendered":"\n<p>Z okazji inauguracji roku szkolnego 2024\/2025 sk\u0142adamy serdeczne \u017cyczenia spo\u0142eczno\u015bciom szkolnym wszystkich plac\u00f3wek o\u015bwiatowych z terenu gminy G\u00f3zd. Niech b\u0119dzie to czas owocnego poszerzania horyzont\u00f3w, zdobywania&#8230;<\/p>\n\n\n\n<figure class=\"wp-block-image size-full\"><img loading=\"lazy\" decoding=\"async\" width=\"850\" height=\"748\" src=\"https:\/\/nowa.gozd.pl\/wp-content\/uploads\/2024\/09\/Bez-nazwy.png\" alt=\"\" class=\"wp-image-1896\" srcset=\"https:\/\/nowa.gozd.pl\/wp-content\/uploads\/2024\/09\/Bez-nazwy.png 850w, https:\/\/nowa.gozd.pl\/wp-content\/uploads\/2024\/09\/Bez-nazwy-300x264.png 300w, https:\/\/nowa.gozd.pl\/wp-content\/uploads\/2024\/09\/Bez-nazwy-768x676.png 768w\" sizes=\"auto, (max-width: 850px) 100vw, 850px\" \/><\/figure>\n","protected":false},"excerpt":{"rendered":"<div class=\"mh-excerpt\"><p>Z okazji inauguracji roku szkolnego 2024\/2025 sk\u0142adamy serdeczne \u017cyczenia spo\u0142eczno\u015bciom szkolnym wszystkich plac\u00f3wek o\u015bwiatowych z terenu gminy G\u00f3zd. Niech b\u0119dzie to czas owocnego poszerzania horyzont\u00f3w, zdobywania&#8230;<\/p>\n<\/div>","protected":false},"author":1,"featured_media":1892,"comment_status":"closed","ping_status":"closed","sticky":false,"template":"template-full.php","format":"standard","meta":{"footnotes":""},"categories":[6],"tags":[],"class_list":{"0":"post-1890","1":"post","2":"type-post","3":"status-publish","4":"format-standard","5":"has-post-thumbnail","7":"category-prawe-boczne"},"_links":{"self":[{"href":"https:\/\/nowa.gozd.pl\/index.php?rest_route=\/wp\/v2\/posts\/1890","targetHints":{"allow":["GET"]}}],"collection":[{"href":"https:\/\/nowa.gozd.pl\/index.php?rest_route=\/wp\/v2\/posts"}],"about":[{"href":"https:\/\/nowa.gozd.pl\/index.php?rest_route=\/wp\/v2\/types\/post"}],"author":[{"embeddable":true,"href":"https:\/\/nowa.gozd.pl\/index.php?rest_route=\/wp\/v2\/users\/1"}],"replies":[{"embeddable":true,"href":"https:\/\/nowa.gozd.pl\/index.php?rest_route=%2Fwp%2Fv2%2Fcomments&post=1890"}],"version-history":[{"count":3,"href":"https:\/\/nowa.gozd.pl\/index.php?rest_route=\/wp\/v2\/posts\/1890\/revisions"}],"predecessor-version":[{"id":1897,"href":"https:\/\/nowa.gozd.pl\/index.php?rest_route=\/wp\/v2\/posts\/1890\/revisions\/1897"}],"wp:featuredmedia":[{"embeddable":true,"href":"https:\/\/nowa.gozd.pl\/index.php?rest_route=\/wp\/v2\/media\/1892"}],"wp:attachment":[{"href":"https:\/\/nowa.gozd.pl\/index.php?rest_route=%2Fwp%2Fv2%2Fmedia&parent=1890"}],"wp:term":[{"taxonomy":"category","embeddable":true,"href":"https:\/\/nowa.gozd.pl\/index.php?rest_route=%2Fwp%2Fv2%2Fcategories&post=1890"},{"taxonomy":"post_tag","embeddable":true,"href":"https:\/\/nowa.gozd.pl\/index.php?rest_route=%2Fwp%2Fv2%2Ftags&post=1890"}],"curies":[{"name":"wp","href":"https:\/\/api.w.org\/{rel}","templated":true}]}}