{"id":1899,"date":"2024-09-04T08:36:49","date_gmt":"2024-09-04T08:36:49","guid":{"rendered":"https:\/\/nowa.gozd.pl\/?p=1899"},"modified":"2024-09-04T08:37:42","modified_gmt":"2024-09-04T08:37:42","slug":"narodowe-czytanie-w-gminie-gozd-serdecznie-zapraszamy","status":"publish","type":"post","link":"https:\/\/nowa.gozd.pl\/?p=1899","title":{"rendered":"NARODOWE CZYTANIE 2024 W GMINIE G\u00d3ZD. SERDECZNIE ZAPRASZAMY"},"content":{"rendered":"\n<p>W sobot\u0119, 7 wrze\u015bnia o godz. 16:00, przed siedzib\u0105 Urz\u0119du Gminy w Go\u017adzie, odb\u0119dzie si\u0119 powiatowa edycja Narodowego Czytania. Organizatorem wydarzenia jest Powiatowy Instytut Kultury, a na wsp\u00f3lne czytanie zapraszaj\u0105: Waldemar Trelka &#8211; starosta radomski, Pawe\u0142 Dziewit &#8211; W\u00f3jt Gminy G\u00f3zd, Gminna Biblioteka Publiczna w Go\u017adzie. Fragmenty \u201eKordiana\u201d Juliusza S\u0142owackiego zinterpretuj\u0105 aktorzy Stowarzyszenia Teatru Resursa oraz mieszka\u0144cy gminy. Wydarzenie u\u015bwietni\u0105 wyst\u0119py KGW \u201eGozdowianki\u201d oraz pani El\u017cbiety D\u0119bskiej, kt\u00f3ra zaprezentuje autorskie kompozycje i utwory Leonarda Cohena.<\/p>\n\n\n\n<figure class=\"wp-block-image size-full\"><img loading=\"lazy\" decoding=\"async\" width=\"600\" height=\"603\" src=\"https:\/\/nowa.gozd.pl\/wp-content\/uploads\/2024\/09\/458477177_920856530083905_1372465162281536184_n.jpg\" alt=\"\" class=\"wp-image-1900\" srcset=\"https:\/\/nowa.gozd.pl\/wp-content\/uploads\/2024\/09\/458477177_920856530083905_1372465162281536184_n.jpg 600w, https:\/\/nowa.gozd.pl\/wp-content\/uploads\/2024\/09\/458477177_920856530083905_1372465162281536184_n-150x150.jpg 150w\" sizes=\"auto, (max-width: 600px) 100vw, 600px\" \/><\/figure>\n","protected":false},"excerpt":{"rendered":"<div class=\"mh-excerpt\"><p>W sobot\u0119, 7 wrze\u015bnia o godz. 16:00, przed siedzib\u0105 Urz\u0119du Gminy w Go\u017adzie, odb\u0119dzie si\u0119 powiatowa edycja Narodowego Czytania. Organizatorem wydarzenia jest Powiatowy Instytut Kultury, a na wsp\u00f3lne czytanie zapraszaj\u0105: Waldemar Trelka &#8211; starosta radomski, <a class=\"mh-excerpt-more\" href=\"https:\/\/nowa.gozd.pl\/?p=1899\" title=\"NARODOWE CZYTANIE 2024 W GMINIE G\u00d3ZD. SERDECZNIE ZAPRASZAMY\">[&#8230;]<\/a><\/p>\n<\/div>","protected":false},"author":1,"featured_media":1901,"comment_status":"closed","ping_status":"closed","sticky":false,"template":"template-full.php","format":"standard","meta":{"footnotes":""},"categories":[6],"tags":[],"class_list":{"0":"post-1899","1":"post","2":"type-post","3":"status-publish","4":"format-standard","5":"has-post-thumbnail","7":"category-prawe-boczne"},"_links":{"self":[{"href":"https:\/\/nowa.gozd.pl\/index.php?rest_route=\/wp\/v2\/posts\/1899","targetHints":{"allow":["GET"]}}],"collection":[{"href":"https:\/\/nowa.gozd.pl\/index.php?rest_route=\/wp\/v2\/posts"}],"about":[{"href":"https:\/\/nowa.gozd.pl\/index.php?rest_route=\/wp\/v2\/types\/post"}],"author":[{"embeddable":true,"href":"https:\/\/nowa.gozd.pl\/index.php?rest_route=\/wp\/v2\/users\/1"}],"replies":[{"embeddable":true,"href":"https:\/\/nowa.gozd.pl\/index.php?rest_route=%2Fwp%2Fv2%2Fcomments&post=1899"}],"version-history":[{"count":2,"href":"https:\/\/nowa.gozd.pl\/index.php?rest_route=\/wp\/v2\/posts\/1899\/revisions"}],"predecessor-version":[{"id":1903,"href":"https:\/\/nowa.gozd.pl\/index.php?rest_route=\/wp\/v2\/posts\/1899\/revisions\/1903"}],"wp:featuredmedia":[{"embeddable":true,"href":"https:\/\/nowa.gozd.pl\/index.php?rest_route=\/wp\/v2\/media\/1901"}],"wp:attachment":[{"href":"https:\/\/nowa.gozd.pl\/index.php?rest_route=%2Fwp%2Fv2%2Fmedia&parent=1899"}],"wp:term":[{"taxonomy":"category","embeddable":true,"href":"https:\/\/nowa.gozd.pl\/index.php?rest_route=%2Fwp%2Fv2%2Fcategories&post=1899"},{"taxonomy":"post_tag","embeddable":true,"href":"https:\/\/nowa.gozd.pl\/index.php?rest_route=%2Fwp%2Fv2%2Ftags&post=1899"}],"curies":[{"name":"wp","href":"https:\/\/api.w.org\/{rel}","templated":true}]}}