{"id":194,"date":"2022-07-27T07:35:41","date_gmt":"2022-07-27T07:35:41","guid":{"rendered":"https:\/\/nowa.gozd.pl\/?p=194"},"modified":"2024-10-10T10:34:13","modified_gmt":"2024-10-10T10:34:13","slug":"rolnictwo","status":"publish","type":"post","link":"https:\/\/nowa.gozd.pl\/?p=194","title":{"rendered":"STAWKI OP\u0141AT"},"content":{"rendered":"\n<p class=\"has-vivid-red-color has-text-color has-link-color wp-elements-7efe848bd0fa73d10073f8f5906472cb\"><strong>Z dniem 1 pa\u017adziernika\u00a0 2024 r. wysoko\u015b\u0107 op\u0142aty<\/strong> za gospodarowanie odpadami komunalnymi wynosi <strong>22,00 z\u0142 miesi\u0119cznie od osoby <\/strong>zamieszkuj\u0105cej dan\u0105 nieruchomo\u015b\u0107, za\u015b<strong> wysoko\u015b\u0107 op\u0142aty podwy\u017cszonej<\/strong> za gospodarowanie odpadami komunalnymi, w przypadku, gdy w\u0142a\u015bciciel nieruchomo\u015bci nie wype\u0142nia obowi\u0105zku zbierania odpad\u00f3w w spos\u00f3b selektywny wynosi <strong>44,00 z\u0142 miesi\u0119cznie od osoby<\/strong> zamieszkuj\u0105cej dan\u0105 nieruchomo\u015b\u0107.<\/p>\n\n\n\n<p><strong>Podstaw\u0105 ustalania op\u0142aty za gospodarowanie odpadami komunalnymi powstaj\u0105cymi na nieruchomo\u015bciach zamieszka\u0142ych na terenie gminy G\u00f3zd s\u0105 informacje zawarte w dotychczasowej deklaracji, w kt\u00f3rej op\u0142ata stanowi iloczyn liczby os\u00f3b zamieszkuj\u0105cych dan\u0105 nieruchomo\u015b\u0107 oraz stawki op\u0142aty (nie ma obowi\u0105zku sk\u0142adania nowych deklaracji z powodu zmiany stawki op\u0142aty).<\/strong><\/p>\n\n\n\n<p class=\"has-vivid-red-color has-text-color has-link-color wp-elements-4522ffe08411b64d97ecc53e2aaf4691\">W\u0142a\u015bcicielowi nieruchomo\u015bci zamieszka\u0142ej, kt\u00f3ry kompostuje bioodpady w przydomowym kompostowniku, przys\u0142uguje <strong>zwolnienie w wysoko\u015bci 3,00 z\u0142 miesi\u0119cznie od osoby<\/strong> zamieszkuj\u0105cej dan\u0105 nieruchomo\u015b\u0107.<\/p>\n\n\n\n<p><strong>Ze zwolnienia mo\u017cna skorzysta\u0107 sk\u0142adaj\u0105c <u>now\u0105 deklaracj\u0119,<\/u> w kt\u00f3rej w\u0142a\u015bciciel nieruchomo\u015bci deklaruje posiadanie przydomowego kompostownika, przy czym z\u0142o\u017cenie takiej deklaracji uniemo\u017cliwia wystawianie bioodpad\u00f3w przed posesj\u0119 oraz oddawanie ich do PSZOK.<\/strong><\/p>\n\n\n\n<p>Przypominamy, \u017ce <strong>nowe deklaracje nale\u017cy z\u0142o\u017cy\u0107 tak\u017ce w nast\u0119puj\u0105cych przypadkach:<\/strong><\/p>\n\n\n\n<p>&#8211; zmiany liczby os\u00f3b zamieszkuj\u0105cych dan\u0105 nieruchomo\u015bci lub zmiany innych danych &#8211;<\/p>\n\n\n\n<p>w terminie do 10 dnia miesi\u0105ca nast\u0119puj\u0105cego po miesi\u0105cu, w kt\u00f3rym nast\u0105pi\u0142a zmiana danych b\u0119d\u0105cych podstaw\u0105 do ustalenia wysoko\u015bci nale\u017cnej op\u0142aty;<\/p>\n\n\n\n<p>&#8211; gdy dotychczas w\u0142a\u015bciciel nieruchomo\u015bci deklarowa\u0142 nieselektywn\u0105 zbi\u00f3rk\u0119 odpad\u00f3w komunalnych.<\/p>\n\n\n\n<p>Zgodnie ze zmian\u0105 ustawy o utrzymaniu czysto\u015bci i porz\u0105dku w gminach w\u0142a\u015bciciel nieruchomo\u015bci ma obowi\u0105zek zbierania w spos\u00f3b selektywny powsta\u0142ych na terenie nieruchomo\u015bci odpad\u00f3w komunalnych.<\/p>\n\n\n\n<p><a href=\"https:\/\/nowa.gozd.pl\/wp-content\/uploads\/2022\/07\/wzor_deklaracji_GOZD_20202.doc\">FORMULARZ DEKLARACJI &#8211; pobierz<\/a><\/p>\n","protected":false},"excerpt":{"rendered":"<div class=\"mh-excerpt\"><p>Z dniem 1 pa\u017adziernika\u00a0 2024 r. wysoko\u015b\u0107 op\u0142aty za gospodarowanie odpadami komunalnymi wynosi 22,00 z\u0142 miesi\u0119cznie od osoby zamieszkuj\u0105cej dan\u0105 nieruchomo\u015b\u0107, za\u015b wysoko\u015b\u0107 op\u0142aty podwy\u017cszonej za gospodarowanie odpadami komunalnymi, w przypadku, gdy w\u0142a\u015bciciel nieruchomo\u015bci nie <a class=\"mh-excerpt-more\" href=\"https:\/\/nowa.gozd.pl\/?p=194\" title=\"STAWKI OP\u0141AT\">[&#8230;]<\/a><\/p>\n<\/div>","protected":false},"author":1,"featured_media":0,"comment_status":"closed","ping_status":"open","sticky":false,"template":"template-full.php","format":"standard","meta":{"footnotes":""},"categories":[1],"tags":[],"class_list":{"0":"post-194","1":"post","2":"type-post","3":"status-publish","4":"format-standard","6":"category-uncategorized"},"_links":{"self":[{"href":"https:\/\/nowa.gozd.pl\/index.php?rest_route=\/wp\/v2\/posts\/194","targetHints":{"allow":["GET"]}}],"collection":[{"href":"https:\/\/nowa.gozd.pl\/index.php?rest_route=\/wp\/v2\/posts"}],"about":[{"href":"https:\/\/nowa.gozd.pl\/index.php?rest_route=\/wp\/v2\/types\/post"}],"author":[{"embeddable":true,"href":"https:\/\/nowa.gozd.pl\/index.php?rest_route=\/wp\/v2\/users\/1"}],"replies":[{"embeddable":true,"href":"https:\/\/nowa.gozd.pl\/index.php?rest_route=%2Fwp%2Fv2%2Fcomments&post=194"}],"version-history":[{"count":4,"href":"https:\/\/nowa.gozd.pl\/index.php?rest_route=\/wp\/v2\/posts\/194\/revisions"}],"predecessor-version":[{"id":2169,"href":"https:\/\/nowa.gozd.pl\/index.php?rest_route=\/wp\/v2\/posts\/194\/revisions\/2169"}],"wp:attachment":[{"href":"https:\/\/nowa.gozd.pl\/index.php?rest_route=%2Fwp%2Fv2%2Fmedia&parent=194"}],"wp:term":[{"taxonomy":"category","embeddable":true,"href":"https:\/\/nowa.gozd.pl\/index.php?rest_route=%2Fwp%2Fv2%2Fcategories&post=194"},{"taxonomy":"post_tag","embeddable":true,"href":"https:\/\/nowa.gozd.pl\/index.php?rest_route=%2Fwp%2Fv2%2Ftags&post=194"}],"curies":[{"name":"wp","href":"https:\/\/api.w.org\/{rel}","templated":true}]}}