{"id":1993,"date":"2024-09-17T14:06:19","date_gmt":"2024-09-17T14:06:19","guid":{"rendered":"https:\/\/nowa.gozd.pl\/?p=1993"},"modified":"2024-09-17T14:06:20","modified_gmt":"2024-09-17T14:06:20","slug":"85-rocznica-napasci-rosji-sowieckiej-na-polske-i-dzien-sybiraka","status":"publish","type":"post","link":"https:\/\/nowa.gozd.pl\/?p=1993","title":{"rendered":"85. ROCZNICA NAPA\u015aCI ROSJI SOWIECKIEJ NA POLSK\u0118 I DZIE\u0143 SYBIRAKA"},"content":{"rendered":"\n<p>17 wrze\u015bnia 1939 r. oko\u0142o godziny czwartej nad ranem Zwi\u0105zek Sowiecki zbrojnie zaatakowa\u0142 Polsk\u0119. W ten spos\u00f3b Stalin wywi\u0105za\u0142 si\u0119 z sierpniowego, tajnego porozumienia z Hitlerem (pakt Ribbentrop-Mo\u0142otow), kt\u00f3re przewidywa\u0142o wsp\u00f3ln\u0105 agresj\u0119 na Rzeczpospolit\u0105, zaj\u0119cie i podzia\u0142 jej terytorium oraz faktyczn\u0105 likwidacj\u0119 pa\u0144stwa polskiego. III Rzesza i ZSRS na przestrzeni nieco ponad 2 tygodni zapocz\u0105tkowa\u0142y w ten spos\u00f3b wybuch II wojny \u015bwiatowej.<\/p>\n\n\n\n<p>Przed samym atakiem, komisarz spraw zagranicznych ZSRS Wiaczes\u0142aw Mo\u0142otow odczyta\u0142 ambasadorowi RP w Moskwie Wac\u0142awowi Grzybowskiemu kr\u00f3tk\u0105 not\u0119, w kt\u00f3rej nie wspominaj\u0105c ani s\u0142owem o antypolskiej zmowie Stalina z Hitlerem, za pow\u00f3d wkroczenia wojsk sowieckich do Polski i uniewa\u017cnienia polsko-sowieckiej umowy o nieagresji podawa\u0142 \u201ewewn\u0119trzne bankructwo pa\u0144stwa polskiego\u201d i \u201etrosk\u0119 Rz\u0105du Sowieckiego o zamieszkuj\u0105c\u0105 terytorium Polski pobratymcz\u0105 ludno\u015b\u0107 ukrai\u0144sk\u0105 i bia\u0142orusk\u0105\u201d.<\/p>\n\n\n\n<p>Armia Czerwona uderzy\u0142a na Polsk\u0119 na ca\u0142ej d\u0142ugo\u015bci wschodniej granicy II RP (ponad 1400 km). Inwazj\u0119 poprzedzi\u0142o szczeg\u00f3\u0142owe wywiadowcze rozpoznanie potencja\u0142u militarnego polskich si\u0142 wojskowych i przygotowanie zakrojonych na szerok\u0105 skal\u0119 aresztowa\u0144 polskiej elity pa\u0144stwowej. Atak zosta\u0142 przeprowadzony z ogromn\u0105 si\u0142\u0105 na dw\u00f3ch frontach. Polakom zaci\u0119cie zmagaj\u0105cym si\u0119 od 1 wrze\u015bnia z armi\u0105 III Rzeszy zosta\u0142 wbity n\u00f3\u017c w plecy. Sytuacj\u0119 dodatkowo pogarsza\u0142a dyrektywa Naczelnego Wodza marsza\u0142ka Edwarda Rydza-\u015amig\u0142ego o unikaniu walk z jednostkami ACz i wycofywaniu oddzia\u0142\u00f3w WP do Rumunii i na W\u0119gry.<\/p>\n\n\n\n<p>17 wrze\u015bnia 1939 r. w Polsce rozpocz\u0119\u0142a si\u0119 okupacja sowiecka, kt\u00f3ra w nied\u0142ugim czasie doprowadzi\u0142a do ludob\u00f3jstwa w Katyniu i masowych deportacji Polak\u00f3w na wsch\u00f3d. Poza tym ta data to symboliczny pocz\u0105tek trwa\u0142ej utraty Kres\u00f3w Wschodnich i pozbawienia Rzeczypospolitej niepodleg\u0142o\u015bci na kilkadziesi\u0105t nast\u0119pnych lat.<\/p>\n\n\n\n<figure class=\"wp-block-image size-large\"><img loading=\"lazy\" decoding=\"async\" width=\"1024\" height=\"655\" src=\"https:\/\/nowa.gozd.pl\/wp-content\/uploads\/2024\/09\/84.-rocznica-agresji-sowieckiej-na-Polske-1024x655.png\" alt=\"\" class=\"wp-image-1995\" srcset=\"https:\/\/nowa.gozd.pl\/wp-content\/uploads\/2024\/09\/84.-rocznica-agresji-sowieckiej-na-Polske-1024x655.png 1024w, https:\/\/nowa.gozd.pl\/wp-content\/uploads\/2024\/09\/84.-rocznica-agresji-sowieckiej-na-Polske-300x192.png 300w, https:\/\/nowa.gozd.pl\/wp-content\/uploads\/2024\/09\/84.-rocznica-agresji-sowieckiej-na-Polske-768x492.png 768w, https:\/\/nowa.gozd.pl\/wp-content\/uploads\/2024\/09\/84.-rocznica-agresji-sowieckiej-na-Polske.png 1200w\" sizes=\"auto, (max-width: 1024px) 100vw, 1024px\" \/><\/figure>\n","protected":false},"excerpt":{"rendered":"<div class=\"mh-excerpt\"><p>17 wrze\u015bnia 1939 r. oko\u0142o godziny czwartej nad ranem Zwi\u0105zek Sowiecki zbrojnie zaatakowa\u0142 Polsk\u0119. W ten spos\u00f3b Stalin wywi\u0105za\u0142 si\u0119 z sierpniowego, tajnego porozumienia z Hitlerem (pakt Ribbentrop-Mo\u0142otow), kt\u00f3re przewidywa\u0142o wsp\u00f3ln\u0105 agresj\u0119 na Rzeczpospolit\u0105, zaj\u0119cie <a class=\"mh-excerpt-more\" href=\"https:\/\/nowa.gozd.pl\/?p=1993\" title=\"85. ROCZNICA NAPA\u015aCI ROSJI SOWIECKIEJ NA POLSK\u0118 I DZIE\u0143 SYBIRAKA\">[&#8230;]<\/a><\/p>\n<\/div>","protected":false},"author":1,"featured_media":1994,"comment_status":"closed","ping_status":"closed","sticky":false,"template":"template-full.php","format":"standard","meta":{"footnotes":""},"categories":[6],"tags":[],"class_list":{"0":"post-1993","1":"post","2":"type-post","3":"status-publish","4":"format-standard","5":"has-post-thumbnail","7":"category-prawe-boczne"},"_links":{"self":[{"href":"https:\/\/nowa.gozd.pl\/index.php?rest_route=\/wp\/v2\/posts\/1993","targetHints":{"allow":["GET"]}}],"collection":[{"href":"https:\/\/nowa.gozd.pl\/index.php?rest_route=\/wp\/v2\/posts"}],"about":[{"href":"https:\/\/nowa.gozd.pl\/index.php?rest_route=\/wp\/v2\/types\/post"}],"author":[{"embeddable":true,"href":"https:\/\/nowa.gozd.pl\/index.php?rest_route=\/wp\/v2\/users\/1"}],"replies":[{"embeddable":true,"href":"https:\/\/nowa.gozd.pl\/index.php?rest_route=%2Fwp%2Fv2%2Fcomments&post=1993"}],"version-history":[{"count":1,"href":"https:\/\/nowa.gozd.pl\/index.php?rest_route=\/wp\/v2\/posts\/1993\/revisions"}],"predecessor-version":[{"id":1996,"href":"https:\/\/nowa.gozd.pl\/index.php?rest_route=\/wp\/v2\/posts\/1993\/revisions\/1996"}],"wp:featuredmedia":[{"embeddable":true,"href":"https:\/\/nowa.gozd.pl\/index.php?rest_route=\/wp\/v2\/media\/1994"}],"wp:attachment":[{"href":"https:\/\/nowa.gozd.pl\/index.php?rest_route=%2Fwp%2Fv2%2Fmedia&parent=1993"}],"wp:term":[{"taxonomy":"category","embeddable":true,"href":"https:\/\/nowa.gozd.pl\/index.php?rest_route=%2Fwp%2Fv2%2Fcategories&post=1993"},{"taxonomy":"post_tag","embeddable":true,"href":"https:\/\/nowa.gozd.pl\/index.php?rest_route=%2Fwp%2Fv2%2Ftags&post=1993"}],"curies":[{"name":"wp","href":"https:\/\/api.w.org\/{rel}","templated":true}]}}