{"id":1999,"date":"2024-09-18T14:08:44","date_gmt":"2024-09-18T14:08:44","guid":{"rendered":"https:\/\/nowa.gozd.pl\/?p=1999"},"modified":"2024-09-19T08:08:27","modified_gmt":"2024-09-19T08:08:27","slug":"badzmy-solidarni-w-obliczu-tragedii","status":"publish","type":"post","link":"https:\/\/nowa.gozd.pl\/?p=1999","title":{"rendered":"B\u0104D\u0179MY SOLIDARNI W OBLICZU TRAGEDII"},"content":{"rendered":"\n<p><\/p>\n\n\n\n<p>Szanowni Mieszka\u0144cy, w obliczu tragedii, kt\u00f3ra dotkn\u0119\u0142a powodzian na po\u0142udniu Polski, Urz\u0105d Gminy, gminne plac\u00f3wki o\u015bwiatowe, gminne jednostki OSP oraz Grupa Aktywnych Mam z Grzmucina zorganizowa\u0142y zbi\u00f3rk\u0119 najpotrzebniejszych rzeczy dla poszkodowanych.<\/p>\n\n\n\n<p><strong>Je\u017celi kto\u015b z Pa\u0144stwa chcia\u0142by ofiarowa\u0107 swoj\u0105 pomoc w formie rzeczowej, zapraszamy do ni\u017cej wymienionych punkt\u00f3w:<\/strong><\/p>\n\n\n\n<p>&#8211; Urz\u0105d Gminy w Go\u017adzie<\/p>\n\n\n\n<p>&#8211; Publiczna Szko\u0142a Podstawowa w Podg\u00f3rze<\/p>\n\n\n\n<p>&#8211; Publiczna Szko\u0142a Podstawowa w Klwatce Kr\u00f3lewskiej<\/p>\n\n\n\n<p>&#8211; Ochotnicza Stra\u017c Po\u017carna w Klwatce Kr\u00f3lewskiej \u2013 zbi\u00f3rka do 20 wrze\u015bnia w godz. 18:00 do 20:00 (\u015bwietlica)<\/p>\n\n\n\n<p>&#8211; Ochotnicza Stra\u017c Po\u017carna w Kiedrzynie \u2013 zbi\u00f3rka 18 wrze\u015bnia w godz. 10:00 do 18:00 (\u015bwietlica)<\/p>\n\n\n\n<p>&#8211; Grupa Aktywnych Mam z Grzmucina \u2013 zbi\u00f3rka 22 wrze\u015bnia od godz. 16:00 (\u015bwietlica)<\/p>\n\n\n\n<p><strong>Wszystkie punkty zbi\u00f3rek apeluj\u0105 o przynoszenie:<\/strong><\/p>\n\n\n\n<p>&#8211; wody w butelkach<\/p>\n\n\n\n<p>&#8211; \u015brodk\u00f3w czysto\u015bci<\/p>\n\n\n\n<p>&#8211; \u015brodk\u00f3w opatrunkowych<\/p>\n\n\n\n<p>&#8211; suchej karmy dla zwierz\u0105t<\/p>\n\n\n\n<p>&#8211; latarek<\/p>\n\n\n\n<p>&#8211; baterii<\/p>\n\n\n\n<p>&#8211; narz\u0119dzi do porz\u0105dkowania<\/p>\n\n\n\n<p><strong>Zebrane dary zostan\u0105 niezw\u0142ocznie przekazane potrzebuj\u0105cym.<\/strong><\/p>\n\n\n\n<p><\/p>\n","protected":false},"excerpt":{"rendered":"<div class=\"mh-excerpt\"><p>Szanowni Mieszka\u0144cy, w obliczu tragedii, kt\u00f3ra dotkn\u0119\u0142a powodzian na po\u0142udniu Polski, Urz\u0105d Gminy, gminne plac\u00f3wki o\u015bwiatowe, gminne jednostki OSP oraz Grupa Aktywnych Mam z Grzmucina zorganizowa\u0142y zbi\u00f3rk\u0119 najpotrzebniejszych rzeczy dla poszkodowanych. Je\u017celi kto\u015b z Pa\u0144stwa <a class=\"mh-excerpt-more\" href=\"https:\/\/nowa.gozd.pl\/?p=1999\" title=\"B\u0104D\u0179MY SOLIDARNI W OBLICZU TRAGEDII\">[&#8230;]<\/a><\/p>\n<\/div>","protected":false},"author":1,"featured_media":2000,"comment_status":"closed","ping_status":"closed","sticky":false,"template":"template-full.php","format":"standard","meta":{"footnotes":""},"categories":[6],"tags":[],"class_list":{"0":"post-1999","1":"post","2":"type-post","3":"status-publish","4":"format-standard","5":"has-post-thumbnail","7":"category-prawe-boczne"},"_links":{"self":[{"href":"https:\/\/nowa.gozd.pl\/index.php?rest_route=\/wp\/v2\/posts\/1999","targetHints":{"allow":["GET"]}}],"collection":[{"href":"https:\/\/nowa.gozd.pl\/index.php?rest_route=\/wp\/v2\/posts"}],"about":[{"href":"https:\/\/nowa.gozd.pl\/index.php?rest_route=\/wp\/v2\/types\/post"}],"author":[{"embeddable":true,"href":"https:\/\/nowa.gozd.pl\/index.php?rest_route=\/wp\/v2\/users\/1"}],"replies":[{"embeddable":true,"href":"https:\/\/nowa.gozd.pl\/index.php?rest_route=%2Fwp%2Fv2%2Fcomments&post=1999"}],"version-history":[{"count":3,"href":"https:\/\/nowa.gozd.pl\/index.php?rest_route=\/wp\/v2\/posts\/1999\/revisions"}],"predecessor-version":[{"id":2003,"href":"https:\/\/nowa.gozd.pl\/index.php?rest_route=\/wp\/v2\/posts\/1999\/revisions\/2003"}],"wp:featuredmedia":[{"embeddable":true,"href":"https:\/\/nowa.gozd.pl\/index.php?rest_route=\/wp\/v2\/media\/2000"}],"wp:attachment":[{"href":"https:\/\/nowa.gozd.pl\/index.php?rest_route=%2Fwp%2Fv2%2Fmedia&parent=1999"}],"wp:term":[{"taxonomy":"category","embeddable":true,"href":"https:\/\/nowa.gozd.pl\/index.php?rest_route=%2Fwp%2Fv2%2Fcategories&post=1999"},{"taxonomy":"post_tag","embeddable":true,"href":"https:\/\/nowa.gozd.pl\/index.php?rest_route=%2Fwp%2Fv2%2Ftags&post=1999"}],"curies":[{"name":"wp","href":"https:\/\/api.w.org\/{rel}","templated":true}]}}