{"id":2005,"date":"2024-09-20T10:23:11","date_gmt":"2024-09-20T10:23:11","guid":{"rendered":"https:\/\/nowa.gozd.pl\/?p=2005"},"modified":"2024-09-20T10:23:12","modified_gmt":"2024-09-20T10:23:12","slug":"informacja-3","status":"publish","type":"post","link":"https:\/\/nowa.gozd.pl\/?p=2005","title":{"rendered":"INFORMACJA"},"content":{"rendered":"\n<p>Gminny O\u015brodek Pomocy Spo\u0142ecznej w Go\u017adzie przedstawia dane dotycz\u0105ce realizacji programu priorytetowego \u201eCzyste powietrze\u201d na terenie gminy G\u00f3zd za okres od dnia 19.09.2018 r. do dnia 30.06.2024 r.<br>\u00a0<\/p>\n\n\n\n<figure class=\"wp-block-image size-full\"><img loading=\"lazy\" decoding=\"async\" width=\"845\" height=\"535\" src=\"https:\/\/nowa.gozd.pl\/wp-content\/uploads\/2024\/09\/INFO_20092024.png\" alt=\"\" class=\"wp-image-2006\" srcset=\"https:\/\/nowa.gozd.pl\/wp-content\/uploads\/2024\/09\/INFO_20092024.png 845w, https:\/\/nowa.gozd.pl\/wp-content\/uploads\/2024\/09\/INFO_20092024-300x190.png 300w, https:\/\/nowa.gozd.pl\/wp-content\/uploads\/2024\/09\/INFO_20092024-768x486.png 768w\" sizes=\"auto, (max-width: 845px) 100vw, 845px\" \/><\/figure>\n","protected":false},"excerpt":{"rendered":"<div class=\"mh-excerpt\"><p>Gminny O\u015brodek Pomocy Spo\u0142ecznej w Go\u017adzie przedstawia dane dotycz\u0105ce realizacji programu priorytetowego \u201eCzyste powietrze\u201d na terenie gminy G\u00f3zd za okres od dnia 19.09.2018 r. do dnia 30.06.2024 r.\u00a0<\/p>\n<\/div>","protected":false},"author":1,"featured_media":2007,"comment_status":"closed","ping_status":"closed","sticky":false,"template":"template-full.php","format":"standard","meta":{"footnotes":""},"categories":[6],"tags":[],"class_list":{"0":"post-2005","1":"post","2":"type-post","3":"status-publish","4":"format-standard","5":"has-post-thumbnail","7":"category-prawe-boczne"},"_links":{"self":[{"href":"https:\/\/nowa.gozd.pl\/index.php?rest_route=\/wp\/v2\/posts\/2005","targetHints":{"allow":["GET"]}}],"collection":[{"href":"https:\/\/nowa.gozd.pl\/index.php?rest_route=\/wp\/v2\/posts"}],"about":[{"href":"https:\/\/nowa.gozd.pl\/index.php?rest_route=\/wp\/v2\/types\/post"}],"author":[{"embeddable":true,"href":"https:\/\/nowa.gozd.pl\/index.php?rest_route=\/wp\/v2\/users\/1"}],"replies":[{"embeddable":true,"href":"https:\/\/nowa.gozd.pl\/index.php?rest_route=%2Fwp%2Fv2%2Fcomments&post=2005"}],"version-history":[{"count":1,"href":"https:\/\/nowa.gozd.pl\/index.php?rest_route=\/wp\/v2\/posts\/2005\/revisions"}],"predecessor-version":[{"id":2008,"href":"https:\/\/nowa.gozd.pl\/index.php?rest_route=\/wp\/v2\/posts\/2005\/revisions\/2008"}],"wp:featuredmedia":[{"embeddable":true,"href":"https:\/\/nowa.gozd.pl\/index.php?rest_route=\/wp\/v2\/media\/2007"}],"wp:attachment":[{"href":"https:\/\/nowa.gozd.pl\/index.php?rest_route=%2Fwp%2Fv2%2Fmedia&parent=2005"}],"wp:term":[{"taxonomy":"category","embeddable":true,"href":"https:\/\/nowa.gozd.pl\/index.php?rest_route=%2Fwp%2Fv2%2Fcategories&post=2005"},{"taxonomy":"post_tag","embeddable":true,"href":"https:\/\/nowa.gozd.pl\/index.php?rest_route=%2Fwp%2Fv2%2Ftags&post=2005"}],"curies":[{"name":"wp","href":"https:\/\/api.w.org\/{rel}","templated":true}]}}