{"id":2014,"date":"2024-09-20T12:02:24","date_gmt":"2024-09-20T12:02:24","guid":{"rendered":"https:\/\/nowa.gozd.pl\/?p=2014"},"modified":"2024-09-20T12:06:36","modified_gmt":"2024-09-20T12:06:36","slug":"trwa-walka-z-czasem-powalczmy-razem","status":"publish","type":"post","link":"https:\/\/nowa.gozd.pl\/?p=2014","title":{"rendered":"TRWA WALKA Z CZASEM. POWALCZMY RAZEM"},"content":{"rendered":"\n<p>W niedziel\u0119, 29 wrze\u015bnia br. na placu przy Zespole Szk\u00f3\u0142 w Go\u017adzie odb\u0119dzie si\u0119 festyn charytatywny na rzecz Stasia Zieli\u0144skiego, podopiecznego <a href=\"https:\/\/www.siepomaga.pl\/stas-zielinski?fbclid=IwY2xjawFaPT1leHRuA2FlbQIxMAABHd0lqiTp5LCxXr-xnLnbPgyrDRazXBdEUk38WCmFo5jMPGZehwf9Z5D8Lw_aem_NaRn7-3hfRdabljqMGiLgQ\">Fundacji Siepomaga<\/a>. Rok temu u ch\u0142opca zdiagnozowano dystrofi\u0119 mi\u0119\u015bniow\u0105 Duchennea (stopniowy zanik mi\u0119\u015bni). Do niedawna ta straszna choroba by\u0142a nieuleczalna. Dzi\u015b jest na ni\u0105 lek, lecz jego cena jest ogromna. Jedna dawka leku to koszt rz\u0119du 3,2 mln dolar\u00f3w. W zwi\u0105zku z tym, \u017ce choroba nie zwalnia tempa i sieje coraz wi\u0119ksze spustoszenie w organizmie ch\u0142opca, jest coraz mniej czasu za zastosowanie u niego nowatorskiej terapii genowej. Zapraszamy wi\u0119c wszystkich ludzi dobrej woli do udzia\u0142u w pikniku. Zr\u00f3bmy wszystko, by Sta\u015b m\u00f3g\u0142 si\u0119 cieszy\u0107 \u017cyciem przez d\u0142ugie lata.<\/p>\n\n\n\n<p>Wydarzenie organizuj\u0105 radna gminy G\u00f3zd pani Ma\u0142gorzata Knie\u0107 oraz so\u0142tys so\u0142ectwa G\u00f3zd pan Tomasz Bekier. Patronat honorowy nad piknikiem obj\u0105\u0142 w\u00f3jt gminy pan Pawe\u0142 Dziewit.<\/p>\n\n\n\n<figure class=\"wp-block-image size-full\"><img loading=\"lazy\" decoding=\"async\" width=\"578\" height=\"819\" src=\"https:\/\/nowa.gozd.pl\/wp-content\/uploads\/2024\/09\/460853225_931845108985047_3156949971384182488_n.jpg\" alt=\"\" class=\"wp-image-2015\" srcset=\"https:\/\/nowa.gozd.pl\/wp-content\/uploads\/2024\/09\/460853225_931845108985047_3156949971384182488_n.jpg 578w, https:\/\/nowa.gozd.pl\/wp-content\/uploads\/2024\/09\/460853225_931845108985047_3156949971384182488_n-212x300.jpg 212w\" sizes=\"auto, (max-width: 578px) 100vw, 578px\" \/><\/figure>\n\n\n\n<p><\/p>\n","protected":false},"excerpt":{"rendered":"<div class=\"mh-excerpt\"><p>W niedziel\u0119, 29 wrze\u015bnia br. na placu przy Zespole Szk\u00f3\u0142 w Go\u017adzie odb\u0119dzie si\u0119 festyn charytatywny na rzecz Stasia Zieli\u0144skiego, podopiecznego Fundacji Siepomaga. Rok temu u ch\u0142opca zdiagnozowano dystrofi\u0119 mi\u0119\u015bniow\u0105 Duchennea (stopniowy zanik mi\u0119\u015bni). Do <a class=\"mh-excerpt-more\" href=\"https:\/\/nowa.gozd.pl\/?p=2014\" title=\"TRWA WALKA Z CZASEM. POWALCZMY RAZEM\">[&#8230;]<\/a><\/p>\n<\/div>","protected":false},"author":1,"featured_media":2018,"comment_status":"closed","ping_status":"closed","sticky":false,"template":"template-full.php","format":"standard","meta":{"footnotes":""},"categories":[6],"tags":[],"class_list":{"0":"post-2014","1":"post","2":"type-post","3":"status-publish","4":"format-standard","5":"has-post-thumbnail","7":"category-prawe-boczne"},"_links":{"self":[{"href":"https:\/\/nowa.gozd.pl\/index.php?rest_route=\/wp\/v2\/posts\/2014","targetHints":{"allow":["GET"]}}],"collection":[{"href":"https:\/\/nowa.gozd.pl\/index.php?rest_route=\/wp\/v2\/posts"}],"about":[{"href":"https:\/\/nowa.gozd.pl\/index.php?rest_route=\/wp\/v2\/types\/post"}],"author":[{"embeddable":true,"href":"https:\/\/nowa.gozd.pl\/index.php?rest_route=\/wp\/v2\/users\/1"}],"replies":[{"embeddable":true,"href":"https:\/\/nowa.gozd.pl\/index.php?rest_route=%2Fwp%2Fv2%2Fcomments&post=2014"}],"version-history":[{"count":1,"href":"https:\/\/nowa.gozd.pl\/index.php?rest_route=\/wp\/v2\/posts\/2014\/revisions"}],"predecessor-version":[{"id":2017,"href":"https:\/\/nowa.gozd.pl\/index.php?rest_route=\/wp\/v2\/posts\/2014\/revisions\/2017"}],"wp:featuredmedia":[{"embeddable":true,"href":"https:\/\/nowa.gozd.pl\/index.php?rest_route=\/wp\/v2\/media\/2018"}],"wp:attachment":[{"href":"https:\/\/nowa.gozd.pl\/index.php?rest_route=%2Fwp%2Fv2%2Fmedia&parent=2014"}],"wp:term":[{"taxonomy":"category","embeddable":true,"href":"https:\/\/nowa.gozd.pl\/index.php?rest_route=%2Fwp%2Fv2%2Fcategories&post=2014"},{"taxonomy":"post_tag","embeddable":true,"href":"https:\/\/nowa.gozd.pl\/index.php?rest_route=%2Fwp%2Fv2%2Ftags&post=2014"}],"curies":[{"name":"wp","href":"https:\/\/api.w.org\/{rel}","templated":true}]}}