{"id":2081,"date":"2024-10-08T10:35:19","date_gmt":"2024-10-08T10:35:19","guid":{"rendered":"https:\/\/nowa.gozd.pl\/?p=2081"},"modified":"2024-10-08T10:50:03","modified_gmt":"2024-10-08T10:50:03","slug":"akademia-transformacji-cyrkularnej-dla-biznesu-warsztaty-dla-przedsiebiorcow","status":"publish","type":"post","link":"https:\/\/nowa.gozd.pl\/?p=2081","title":{"rendered":"AKADEMIA TRANSFORMACJI CYRKULARNEJ DLA BIZNESU \u2013 WARSZTATY DLA PRZEDSI\u0118BIORC\u00d3W"},"content":{"rendered":"\n<p>Polska Agencja Rozwoju Przedsi\u0119biorczo\u015bci we wsp\u00f3\u0142pracy z Instytutem Innowacji i Odpowiedzialnego Rozwoju serdecznie zapraszaj\u0105 przedsi\u0119biorc\u00f3w z terenu Polski Wschodniej do udzia\u0142u w bezp\u0142atnych warsztatach wspieraj\u0105cych transformacj\u0119 w kierunku gospodarki obiegu zamkni\u0119tego (GOZ). Najbli\u017csze warsztaty odb\u0119d\u0105 si\u0119 <strong>15 pa\u017adziernika 2024 r. w Radomiu <\/strong>i adresowane s\u0105 do przedsi\u0119biorstw z bran\u017cy chemicznej, rolno-spo\u017cywczej oraz budowlanej.<\/p>\n\n\n\n<p>Model gospodarki o obiegu zamkni\u0119tym jest doskona\u0142\u0105 odpowiedzi\u0105 na ekonomiczne oczekiwania i potrzeby przedsi\u0119biorc\u00f3w, d\u0142ugoterminowe plany rozwoju biznesu oraz na budowanie wizerunku nowoczesnego przedsi\u0119biorstwa. Pozwala na bardziej efektywne wykorzystywanie zasob\u00f3w, minimalizowanie odpad\u00f3w, a tym samym redukcj\u0119 marnotrawstwa. Przyczynia si\u0119 te\u017c do wi\u0119kszego bezpiecze\u0144stwa dostaw surowc\u00f3w, przynosi oszcz\u0119dno\u015bci ekonomiczne i korzy\u015bci \u015brodowiskowe.<\/p>\n\n\n\n<p><strong>Na spotkaniu b\u0119dzie mo\u017cna dowiedzie\u0107 si\u0119:<\/strong><\/p>\n\n\n\n<ul class=\"wp-block-list\">\n<li>Czym jest gospodarka o obiegu zamkni\u0119tym?<\/li>\n\n\n\n<li>Jak efektywnie wykorzystywa\u0107 zasoby przedsi\u0119biorstwa i budowa\u0107 przewag\u0119 konkurencyjn\u0105?<\/li>\n\n\n\n<li>Za pomoc\u0105 jakich strategii i narz\u0119dzi reagowa\u0107 na rosn\u0105ce wymogi regulacyjne, wyzwania \u015brodowiskowe i oczekiwania konsument\u00f3w?<\/li>\n\n\n\n<li>Podczas warsztat\u00f3w przenalizowane zostan\u0105 na realnych studiach przypadk\u00f3w mo\u017cliwo\u015bci, bariery i szanse transformacji cyrkularnej przedsi\u0119biorstw. Uczestnicy poznaj\u0105 unikatowe, wspieraj\u0105ce transformacj\u0119 w kierunku GOZ narz\u0119dzia dla biznesu.<\/li>\n<\/ul>\n\n\n\n<p><strong>Korzy\u015bci z udzia\u0142u w warsztacie:<\/strong><\/p>\n\n\n\n<ul class=\"wp-block-list\">\n<li>wiedza, umiej\u0119tno\u015bci i narz\u0119dzia umo\u017cliwiaj\u0105ce transformacj\u0119 przedsi\u0119biorstwa w kierunku GOZ,<\/li>\n\n\n\n<li>nawi\u0105zanie kontakt\u00f3w biznesowych i mo\u017cliwo\u015b\u0107 zainicjowania d\u0142ugotrwa\u0142ej wsp\u00f3\u0142pracy mi\u0119dzy przedsi\u0119biorstwami na poziomie lokalnym, krajowym, a tak\u017ce mi\u0119dzynarodowym w ramach Polish Circular Hotpost i European Circular Economy Stakeholder Platform,<\/li>\n\n\n\n<li>mo\u017cliwo\u015b\u0107 zaprezentowania swoich produkt\u00f3w i us\u0142ug w formie wystawienniczej podczas European Sustainability Congress 2024 w ramach Circular Week 2024 \u2013 wydarzenia promuj\u0105cego koncepcje cyrkularne w Polsce i Europie.<\/li>\n<\/ul>\n\n\n\n<p>Partnerem warsztat\u00f3w jest <strong>Urz\u0105d Miejski w Radomiu<\/strong><\/p>\n\n\n\n<p>\u201eAkademia Transformacji Cyrkularnej dla Biznesu\u201d to dedykowany program edukacyjny dla przedsi\u0119biorc\u00f3w, kt\u00f3rego celem jest zwi\u0119kszenie wiedzy i kompetencji przedsi\u0119biorstw do transformacji w kierunku GOZ, prezentacja najlepszych praktyk w tym zakresie oraz wsparcie w nawi\u0105zywaniu partnerstw biznesowych na rzecz rozwi\u0105za\u0144 cyrkularnych. W ramach projektu przewidziane s\u0105 warsztaty, spotkania eksperckie, wizyty studyjne, dzia\u0142ania sieciuj\u0105ce oraz us\u0142ugi informacyjno-konsultacyjne \u015bwiadczone przed ekspert\u00f3w m.in. z obszaru GOZ. Dzia\u0142ania te adresowane s\u0105 do przedsi\u0119biorc\u00f3w z terenu Polski Wschodniej, tzn. woj. lubelskiego, podkarpackiego, podlaskiego, \u015bwi\u0119tokrzyskiego, warmi\u0144sko-mazurskiego oraz mazowieckiego (bez Warszawy i otaczaj\u0105cych j\u0105 powiat\u00f3w).<\/p>\n\n\n\n<p>Projekt wsp\u00f3\u0142finansowany jest z Europejskiego Funduszu Rozwoju Regionalnego ze \u015brodk\u00f3w programu Fundusze Europejskie dla Polski Wschodniej (FEPW) 2021-2027.<\/p>\n\n\n\n<p><strong>Wi\u0119cej informacji o projekcie:<\/strong> <a href=\"https:\/\/www.parp.gov.pl\/component\/parpevents\/event\/3495\">\u201eAkademia Transformacji Cyrkularnej dla Biznesu\u201d<\/a><\/p>\n\n\n\n<p><strong>Rejestracja oraz program warsztat\u00f3w: <\/strong><a href=\"https:\/\/www.parp.gov.pl\/component\/parpevents\/event\/3495#program\">Warsztaty transformacji cyrkularnej dla biznesu &#8211; Radom<\/a><\/p>\n\n\n\n<p>Liczba miejsc ograniczona!<\/p>\n","protected":false},"excerpt":{"rendered":"<div class=\"mh-excerpt\"><p>Polska Agencja Rozwoju Przedsi\u0119biorczo\u015bci we wsp\u00f3\u0142pracy z Instytutem Innowacji i Odpowiedzialnego Rozwoju serdecznie zapraszaj\u0105 przedsi\u0119biorc\u00f3w z terenu Polski Wschodniej do udzia\u0142u w bezp\u0142atnych warsztatach wspieraj\u0105cych transformacj\u0119 w kierunku gospodarki obiegu zamkni\u0119tego (GOZ). Najbli\u017csze warsztaty odb\u0119d\u0105 <a class=\"mh-excerpt-more\" href=\"https:\/\/nowa.gozd.pl\/?p=2081\" title=\"AKADEMIA TRANSFORMACJI CYRKULARNEJ DLA BIZNESU \u2013 WARSZTATY DLA PRZEDSI\u0118BIORC\u00d3W\">[&#8230;]<\/a><\/p>\n<\/div>","protected":false},"author":1,"featured_media":2082,"comment_status":"closed","ping_status":"closed","sticky":false,"template":"template-full.php","format":"standard","meta":{"footnotes":""},"categories":[6],"tags":[],"class_list":{"0":"post-2081","1":"post","2":"type-post","3":"status-publish","4":"format-standard","5":"has-post-thumbnail","7":"category-prawe-boczne"},"_links":{"self":[{"href":"https:\/\/nowa.gozd.pl\/index.php?rest_route=\/wp\/v2\/posts\/2081","targetHints":{"allow":["GET"]}}],"collection":[{"href":"https:\/\/nowa.gozd.pl\/index.php?rest_route=\/wp\/v2\/posts"}],"about":[{"href":"https:\/\/nowa.gozd.pl\/index.php?rest_route=\/wp\/v2\/types\/post"}],"author":[{"embeddable":true,"href":"https:\/\/nowa.gozd.pl\/index.php?rest_route=\/wp\/v2\/users\/1"}],"replies":[{"embeddable":true,"href":"https:\/\/nowa.gozd.pl\/index.php?rest_route=%2Fwp%2Fv2%2Fcomments&post=2081"}],"version-history":[{"count":3,"href":"https:\/\/nowa.gozd.pl\/index.php?rest_route=\/wp\/v2\/posts\/2081\/revisions"}],"predecessor-version":[{"id":2086,"href":"https:\/\/nowa.gozd.pl\/index.php?rest_route=\/wp\/v2\/posts\/2081\/revisions\/2086"}],"wp:featuredmedia":[{"embeddable":true,"href":"https:\/\/nowa.gozd.pl\/index.php?rest_route=\/wp\/v2\/media\/2082"}],"wp:attachment":[{"href":"https:\/\/nowa.gozd.pl\/index.php?rest_route=%2Fwp%2Fv2%2Fmedia&parent=2081"}],"wp:term":[{"taxonomy":"category","embeddable":true,"href":"https:\/\/nowa.gozd.pl\/index.php?rest_route=%2Fwp%2Fv2%2Fcategories&post=2081"},{"taxonomy":"post_tag","embeddable":true,"href":"https:\/\/nowa.gozd.pl\/index.php?rest_route=%2Fwp%2Fv2%2Ftags&post=2081"}],"curies":[{"name":"wp","href":"https:\/\/api.w.org\/{rel}","templated":true}]}}