{"id":215,"date":"2022-07-27T08:01:31","date_gmt":"2022-07-27T08:01:31","guid":{"rendered":"https:\/\/nowa.gozd.pl\/?p=215"},"modified":"2024-04-16T11:10:43","modified_gmt":"2024-04-16T11:10:43","slug":"zespol-szkol-w-gozdzie","status":"publish","type":"post","link":"https:\/\/nowa.gozd.pl\/?p=215","title":{"rendered":"ZESP\u00d3\u0141 SZK\u00d3\u0141 W GO\u0179DZIE"},"content":{"rendered":"\n<p><\/p>\n\n\n\n<p><strong>DYREKTOR mgr S\u0142awomir Czy\u017c <\/strong>&#8211; nauczyciel dyplomowany &#8211; historia, informatyka<strong><br>WICEDYREKTOR mgr Joanna Trybu\u0142<\/strong> &#8211; nauczyciel dyplomowany &#8211; edukacja wczesnoszkolna, logopedia<br><strong>WICEDYREKTOR mgr Alina Wosztyl<\/strong> &#8211; nauczyciel dyplomowany &#8211; matematyka<br>\u00a0<br>tel. 48\/ 320-21-21,\u00a0tel. kom. 883 412 004<br>e-mail:\u00a0<a href=\"mailto:szkola@gozd.edu.pl\">szkola@gozd.edu.pl<\/a><br><a href=\"https:\/\/www.gozd.edu.pl\/\">https:\/\/www.gozd.edu.pl\/<\/a><\/p>\n\n\n\n<p><\/p>\n\n\n\n<p><\/p>\n\n\n<div class=\"wp-block-image\">\n<figure class=\"aligncenter size-full\"><img loading=\"lazy\" decoding=\"async\" width=\"422\" height=\"281\" src=\"https:\/\/nowa.gozd.pl\/wp-content\/uploads\/2022\/07\/zespolszkolgozd.jpg\" alt=\"\" class=\"wp-image-216\" srcset=\"https:\/\/nowa.gozd.pl\/wp-content\/uploads\/2022\/07\/zespolszkolgozd.jpg 422w, https:\/\/nowa.gozd.pl\/wp-content\/uploads\/2022\/07\/zespolszkolgozd-300x200.jpg 300w\" sizes=\"auto, (max-width: 422px) 100vw, 422px\" \/><\/figure>\n<\/div>\n\n<div class=\"wp-block-image\">\n<figure class=\"aligncenter size-full\"><img loading=\"lazy\" decoding=\"async\" width=\"426\" height=\"284\" src=\"https:\/\/nowa.gozd.pl\/wp-content\/uploads\/2022\/07\/zespolszkolgozd2.jpg\" alt=\"\" class=\"wp-image-217\" srcset=\"https:\/\/nowa.gozd.pl\/wp-content\/uploads\/2022\/07\/zespolszkolgozd2.jpg 426w, https:\/\/nowa.gozd.pl\/wp-content\/uploads\/2022\/07\/zespolszkolgozd2-300x200.jpg 300w\" sizes=\"auto, (max-width: 426px) 100vw, 426px\" \/><\/figure>\n<\/div>","protected":false},"excerpt":{"rendered":"<div class=\"mh-excerpt\"><p>DYREKTOR mgr S\u0142awomir Czy\u017c &#8211; nauczyciel dyplomowany &#8211; historia, informatykaWICEDYREKTOR mgr Joanna Trybu\u0142 &#8211; nauczyciel dyplomowany &#8211; edukacja wczesnoszkolna, logopediaWICEDYREKTOR mgr Alina Wosztyl &#8211; nauczyciel dyplomowany &#8211; matematyka\u00a0tel. 48\/ 320-21-21,\u00a0tel. kom. 883 412 004e-mail:\u00a0szkola@gozd.edu.plhttps:\/\/www.gozd.edu.pl\/<\/p>\n<\/div>","protected":false},"author":1,"featured_media":0,"comment_status":"open","ping_status":"open","sticky":false,"template":"template-full.php","format":"standard","meta":{"footnotes":""},"categories":[1],"tags":[],"class_list":{"0":"post-215","1":"post","2":"type-post","3":"status-publish","4":"format-standard","6":"category-uncategorized"},"_links":{"self":[{"href":"https:\/\/nowa.gozd.pl\/index.php?rest_route=\/wp\/v2\/posts\/215","targetHints":{"allow":["GET"]}}],"collection":[{"href":"https:\/\/nowa.gozd.pl\/index.php?rest_route=\/wp\/v2\/posts"}],"about":[{"href":"https:\/\/nowa.gozd.pl\/index.php?rest_route=\/wp\/v2\/types\/post"}],"author":[{"embeddable":true,"href":"https:\/\/nowa.gozd.pl\/index.php?rest_route=\/wp\/v2\/users\/1"}],"replies":[{"embeddable":true,"href":"https:\/\/nowa.gozd.pl\/index.php?rest_route=%2Fwp%2Fv2%2Fcomments&post=215"}],"version-history":[{"count":4,"href":"https:\/\/nowa.gozd.pl\/index.php?rest_route=\/wp\/v2\/posts\/215\/revisions"}],"predecessor-version":[{"id":1205,"href":"https:\/\/nowa.gozd.pl\/index.php?rest_route=\/wp\/v2\/posts\/215\/revisions\/1205"}],"wp:attachment":[{"href":"https:\/\/nowa.gozd.pl\/index.php?rest_route=%2Fwp%2Fv2%2Fmedia&parent=215"}],"wp:term":[{"taxonomy":"category","embeddable":true,"href":"https:\/\/nowa.gozd.pl\/index.php?rest_route=%2Fwp%2Fv2%2Fcategories&post=215"},{"taxonomy":"post_tag","embeddable":true,"href":"https:\/\/nowa.gozd.pl\/index.php?rest_route=%2Fwp%2Fv2%2Ftags&post=215"}],"curies":[{"name":"wp","href":"https:\/\/api.w.org\/{rel}","templated":true}]}}