{"id":2209,"date":"2024-10-11T09:56:32","date_gmt":"2024-10-11T09:56:32","guid":{"rendered":"https:\/\/nowa.gozd.pl\/?p=2209"},"modified":"2024-10-11T09:56:32","modified_gmt":"2024-10-11T09:56:32","slug":"komunikat-szczepienie-lisow-przeciwko-wsciekliznie","status":"publish","type":"post","link":"https:\/\/nowa.gozd.pl\/?p=2209","title":{"rendered":"KOMUNIKAT &#8211; SZCZEPIENIE LIS\u00d3W PRZECIWKO W\u015aCIEKLI\u0179NIE"},"content":{"rendered":"\n<p><strong>W dniach 18-31 pa\u017adziernika 2024 r. na terenie wojew\u00f3dztwa mazowieckiego przeprowadzone zostanie ochronne szczepienie lis\u00f3w wolno \u017cyj\u0105cych doustn\u0105 szczepionk\u0105 RABADROP.<\/strong><\/p>\n\n\n\n<p>Zrzuty oraz wy\u0142o\u017cenie r\u0119czne obejm\u0105 kompleksy le\u015bne, pola, \u0142\u0105ki z pomini\u0119ciem akwen\u00f3w wodnych, dr\u00f3g i obszar\u00f3w zabudowanych. Szczepionka umieszczona jest w przyn\u0119cie w postaci kr\u0105\u017cka, koloru brunatno- zielonego, o zapachu rybnym. Lis podejmuje szczepionk\u0119, kt\u00f3ra nie by\u0142a dotkni\u0119ta przez cz\u0142owieka. Szczepionka jest dopuszczona tylko do szczepienia lis\u00f3w. Dla innych zwierz\u0105t nie posiada ukierunkowanego dzia\u0142ania przeciwko w\u015bciekli\u017anie. Ka\u017cdy przypadek zetkni\u0119cia si\u0119 cz\u0142owieka ze szczepionk\u0105 nale\u017cy zg\u0142asza\u0107 s\u0142u\u017cbie medycznej. Przypadki kontaktu zwierz\u0105t domowych i gospodarskich ze szczepionk\u0105 nale\u017cy zg\u0142osi\u0107 do lekarza weterynarii.<\/p>\n\n\n\n<p>W trakcie szczepie\u0144 oraz przez 14 dni po zako\u0144czeniu akcji podczas spacer\u00f3w trzyma\u0107 zwierz\u0119ta na smyczy, aby nie zjad\u0142y szczepionki lub nie zostawi\u0142y obcego zapachu.<\/p>\n\n\n\n<figure class=\"wp-block-image size-full\"><img loading=\"lazy\" decoding=\"async\" width=\"465\" height=\"666\" src=\"https:\/\/nowa.gozd.pl\/wp-content\/uploads\/2024\/10\/plakat-JPG.jpg\" alt=\"\" class=\"wp-image-2210\" srcset=\"https:\/\/nowa.gozd.pl\/wp-content\/uploads\/2024\/10\/plakat-JPG.jpg 465w, https:\/\/nowa.gozd.pl\/wp-content\/uploads\/2024\/10\/plakat-JPG-209x300.jpg 209w\" sizes=\"auto, (max-width: 465px) 100vw, 465px\" \/><\/figure>\n","protected":false},"excerpt":{"rendered":"<div class=\"mh-excerpt\"><p>W dniach 18-31 pa\u017adziernika 2024 r. na terenie wojew\u00f3dztwa mazowieckiego przeprowadzone zostanie ochronne szczepienie lis\u00f3w wolno \u017cyj\u0105cych doustn\u0105 szczepionk\u0105 RABADROP. Zrzuty oraz wy\u0142o\u017cenie r\u0119czne obejm\u0105 kompleksy le\u015bne, pola, \u0142\u0105ki z pomini\u0119ciem akwen\u00f3w wodnych, dr\u00f3g i <a class=\"mh-excerpt-more\" href=\"https:\/\/nowa.gozd.pl\/?p=2209\" title=\"KOMUNIKAT &#8211; SZCZEPIENIE LIS\u00d3W PRZECIWKO W\u015aCIEKLI\u0179NIE\">[&#8230;]<\/a><\/p>\n<\/div>","protected":false},"author":1,"featured_media":2211,"comment_status":"closed","ping_status":"closed","sticky":false,"template":"template-full.php","format":"standard","meta":{"footnotes":""},"categories":[6],"tags":[],"class_list":{"0":"post-2209","1":"post","2":"type-post","3":"status-publish","4":"format-standard","5":"has-post-thumbnail","7":"category-prawe-boczne"},"_links":{"self":[{"href":"https:\/\/nowa.gozd.pl\/index.php?rest_route=\/wp\/v2\/posts\/2209","targetHints":{"allow":["GET"]}}],"collection":[{"href":"https:\/\/nowa.gozd.pl\/index.php?rest_route=\/wp\/v2\/posts"}],"about":[{"href":"https:\/\/nowa.gozd.pl\/index.php?rest_route=\/wp\/v2\/types\/post"}],"author":[{"embeddable":true,"href":"https:\/\/nowa.gozd.pl\/index.php?rest_route=\/wp\/v2\/users\/1"}],"replies":[{"embeddable":true,"href":"https:\/\/nowa.gozd.pl\/index.php?rest_route=%2Fwp%2Fv2%2Fcomments&post=2209"}],"version-history":[{"count":1,"href":"https:\/\/nowa.gozd.pl\/index.php?rest_route=\/wp\/v2\/posts\/2209\/revisions"}],"predecessor-version":[{"id":2212,"href":"https:\/\/nowa.gozd.pl\/index.php?rest_route=\/wp\/v2\/posts\/2209\/revisions\/2212"}],"wp:featuredmedia":[{"embeddable":true,"href":"https:\/\/nowa.gozd.pl\/index.php?rest_route=\/wp\/v2\/media\/2211"}],"wp:attachment":[{"href":"https:\/\/nowa.gozd.pl\/index.php?rest_route=%2Fwp%2Fv2%2Fmedia&parent=2209"}],"wp:term":[{"taxonomy":"category","embeddable":true,"href":"https:\/\/nowa.gozd.pl\/index.php?rest_route=%2Fwp%2Fv2%2Fcategories&post=2209"},{"taxonomy":"post_tag","embeddable":true,"href":"https:\/\/nowa.gozd.pl\/index.php?rest_route=%2Fwp%2Fv2%2Ftags&post=2209"}],"curies":[{"name":"wp","href":"https:\/\/api.w.org\/{rel}","templated":true}]}}