{"id":2284,"date":"2024-10-24T07:29:46","date_gmt":"2024-10-24T07:29:46","guid":{"rendered":"https:\/\/nowa.gozd.pl\/?p=2284"},"modified":"2024-10-24T07:29:46","modified_gmt":"2024-10-24T07:29:46","slug":"deklaracje-smieciowe-pod-lupa","status":"publish","type":"post","link":"https:\/\/nowa.gozd.pl\/?p=2284","title":{"rendered":"DEKLARACJE \u015aMIECIOWE POD LUP\u0104"},"content":{"rendered":"\n<p>Urz\u0105d Gminy w Go\u017adzie informuje, \u017ce rozpocz\u0105\u0142 kontrol\u0119 deklaracji \u015bmieciowych pod wzgl\u0119dem liczby mieszka\u0144c\u00f3w zamieszkuj\u0105cych nieruchomo\u015bci po\u0142o\u017cone na terenie gminy G\u00f3zd. Dzia\u0142ania te maj\u0105 na celu uszczelnienie systemu gospodarowania odpadami komunalnymi, a co za tym idzie zapobie\u017cenie w przysz\u0142o\u015bci znacznemu wzrostowi cen za odbi\u00f3r odpad\u00f3w.<\/p>\n\n\n\n<p>Sprawdzana jest wi\u0119c zgodno\u015b\u0107 liczby os\u00f3b zg\u0142oszonych w deklaracji ze stanem faktycznym. Kontrole potwierdzaj\u0105 bowiem, \u017ce wykazywana w deklaracji liczba os\u00f3b cz\u0119sto nie pokrywa si\u0119 z rzeczywistym stanem os\u00f3b zamieszkuj\u0105cych nieruchomo\u015b\u0107. W przypadku uzasadnionych w\u0105tpliwo\u015bci, co do danych zawartych w deklaracji, mieszka\u0144cy b\u0119d\u0105 wzywani do udzielenia wyja\u015bnie\u0144 oraz do z\u0142o\u017cenia nowej deklaracji o wysoko\u015bci op\u0142aty za gospodarowanie odpadami komunalnymi.<\/p>\n\n\n\n<p>Weryfikacja z\u0142o\u017conych deklaracji odbywa si\u0119 w oparciu o dane zgromadzone w Urz\u0119dzie Gminy i jednostkach organizacyjnych Gminy G\u00f3zd, tj. GOPS, szko\u0142y itp.<\/p>\n\n\n\n<p><strong>Do czasu wezwania mieszka\u0144cy nieruchomo\u015bci mog\u0105 z\u0142o\u017cy\u0107 korekt\u0119 dotychczasowej deklaracji, wykazuj\u0105c rzeczywist\u0105 liczb\u0119 os\u00f3b zamieszkuj\u0105cych.<\/strong><\/p>\n\n\n\n<p>Op\u0142at\u0119 za gospodarowanie odpadami komunalnymi w zmienionej formie uiszcza si\u0119 za miesi\u0105c, w kt\u00f3rym nast\u0105pi\u0142a zmiana.<\/p>\n\n\n\n<p class=\"has-vivid-red-color has-text-color has-link-color wp-elements-cb8c1e4b2816085db541083856338d15\"><strong>Urz\u0105d Gminy<\/strong> <strong>apeluje do w\u0142a\u015bcicieli nieruchomo\u015bci zamieszka\u0142ych, kt\u00f3rzy z\u0142o\u017cyli deklaracje niezgodne ze stanem faktycznym, aby zg\u0142aszali si\u0119 w celu z\u0142o\u017cenia poprawnej deklaracji o wysoko\u015bci op\u0142aty za gospodarowanie odpadami komunalnymi.<\/strong><\/p>\n\n\n\n<p class=\"has-vivid-red-color has-text-color has-link-color wp-elements-d1b556824d26992b42e5e119518a6591\"><strong>Niez\u0142o\u017cenie poprawnej deklaracji w przypadku zmiany liczby os\u00f3b, prowadzi do wydania decyzji administracyjnej, ustalaj\u0105cej wysoko\u015b\u0107 op\u0142aty za gospodarowanie odpadami komunalnymi z naliczeniem zaleg\u0142o\u015bci i odsetek podatkowych.<\/strong><\/p>\n\n\n\n<p>Nieuczciwe post\u0119powanie mieszka\u0144c\u00f3w, kt\u00f3rzy zani\u017caj\u0105 liczb\u0119 os\u00f3b zamieszkuj\u0105cych dan\u0105 nieruchomo\u015b\u0107, ma wp\u0142yw na wzrost op\u0142at za gospodarowanie odpadami.<\/p>\n\n\n\n<p>Urz\u0105d Gminy jednocze\u015bnie przypomina, \u017ce nale\u017cy na bie\u017c\u0105co zg\u0142asza\u0107 wszelkie zmiany b\u0119d\u0105ce podstaw\u0105 ustalenia wysoko\u015bci nale\u017cnej op\u0142aty za gospodarowanie odpadami komunalnymi (np. zmian\u0119 liczby os\u00f3b w przypadku wprowadzenia si\u0119 nowych os\u00f3b, powrotu z zagranicy, akademik\u00f3w, przemeldowania, narodzin dziecka, zgonu).<\/p>\n\n\n\n<p>Deklaracje nale\u017cy z\u0142o\u017cy\u0107 w Urz\u0119dzie Gminy w Go\u017adzie, wys\u0142a\u0107 poczt\u0105 lub za po\u015brednictwem elektronicznej platformy us\u0142ug administracji publicznej (wymagane posiadanie podpisu elektronicznego). Wz\u00f3r deklaracji mo\u017cna znale\u017a\u0107 w Biuletynie Informacji Publicznej Gminy G\u00f3zd: bip.gozd.pl w zak\u0142adce: <em>Formularze do pobrania<\/em> lub na stronie internetowej Urz\u0119du <a href=\"http:\/\/www.gozd.pl\">www.gozd.pl<\/a> w zak\u0142adce: <em>Gospodarka odpadami\/stawki op\u0142at.<\/em><\/p>\n","protected":false},"excerpt":{"rendered":"<div class=\"mh-excerpt\"><p>Urz\u0105d Gminy w Go\u017adzie informuje, \u017ce rozpocz\u0105\u0142 kontrol\u0119 deklaracji \u015bmieciowych pod wzgl\u0119dem liczby mieszka\u0144c\u00f3w zamieszkuj\u0105cych nieruchomo\u015bci po\u0142o\u017cone na terenie gminy G\u00f3zd. Dzia\u0142ania te maj\u0105 na celu uszczelnienie systemu gospodarowania odpadami komunalnymi, a co za tym <a class=\"mh-excerpt-more\" href=\"https:\/\/nowa.gozd.pl\/?p=2284\" title=\"DEKLARACJE \u015aMIECIOWE POD LUP\u0104\">[&#8230;]<\/a><\/p>\n<\/div>","protected":false},"author":1,"featured_media":2285,"comment_status":"closed","ping_status":"closed","sticky":false,"template":"template-full.php","format":"standard","meta":{"footnotes":""},"categories":[6],"tags":[],"class_list":{"0":"post-2284","1":"post","2":"type-post","3":"status-publish","4":"format-standard","5":"has-post-thumbnail","7":"category-prawe-boczne"},"_links":{"self":[{"href":"https:\/\/nowa.gozd.pl\/index.php?rest_route=\/wp\/v2\/posts\/2284","targetHints":{"allow":["GET"]}}],"collection":[{"href":"https:\/\/nowa.gozd.pl\/index.php?rest_route=\/wp\/v2\/posts"}],"about":[{"href":"https:\/\/nowa.gozd.pl\/index.php?rest_route=\/wp\/v2\/types\/post"}],"author":[{"embeddable":true,"href":"https:\/\/nowa.gozd.pl\/index.php?rest_route=\/wp\/v2\/users\/1"}],"replies":[{"embeddable":true,"href":"https:\/\/nowa.gozd.pl\/index.php?rest_route=%2Fwp%2Fv2%2Fcomments&post=2284"}],"version-history":[{"count":1,"href":"https:\/\/nowa.gozd.pl\/index.php?rest_route=\/wp\/v2\/posts\/2284\/revisions"}],"predecessor-version":[{"id":2286,"href":"https:\/\/nowa.gozd.pl\/index.php?rest_route=\/wp\/v2\/posts\/2284\/revisions\/2286"}],"wp:featuredmedia":[{"embeddable":true,"href":"https:\/\/nowa.gozd.pl\/index.php?rest_route=\/wp\/v2\/media\/2285"}],"wp:attachment":[{"href":"https:\/\/nowa.gozd.pl\/index.php?rest_route=%2Fwp%2Fv2%2Fmedia&parent=2284"}],"wp:term":[{"taxonomy":"category","embeddable":true,"href":"https:\/\/nowa.gozd.pl\/index.php?rest_route=%2Fwp%2Fv2%2Fcategories&post=2284"},{"taxonomy":"post_tag","embeddable":true,"href":"https:\/\/nowa.gozd.pl\/index.php?rest_route=%2Fwp%2Fv2%2Ftags&post=2284"}],"curies":[{"name":"wp","href":"https:\/\/api.w.org\/{rel}","templated":true}]}}