{"id":2293,"date":"2024-10-28T08:57:32","date_gmt":"2024-10-28T08:57:32","guid":{"rendered":"https:\/\/nowa.gozd.pl\/?p=2293"},"modified":"2024-10-28T09:05:38","modified_gmt":"2024-10-28T09:05:38","slug":"sesja-zwyczajna-rady-gminy-gozd-4","status":"publish","type":"post","link":"https:\/\/nowa.gozd.pl\/?p=2293","title":{"rendered":"SESJA ZWYCZAJNA RADY GMINY G\u00d3ZD"},"content":{"rendered":"\n<p>Przewodnicz\u0105cy Rady Gminy G\u00f3zd pan Jan Wasiak zawiadamia, \u017ce <strong>30 pa\u017adziernika 2024 r. (\u015broda) o godz. 10:00<\/strong> w siedzibie Urz\u0119du Gminy w Go\u017adzie odb\u0119dzie si\u0119 sesja zwyczajna Rady Gminy G\u00f3zd z nast\u0119puj\u0105cym porz\u0105dkiem obrad:<\/p>\n\n\n\n<ol class=\"wp-block-list\">\n<li>Otwarcie sesji.<\/li>\n\n\n\n<li>Przyj\u0119cie porz\u0105dku obrad.<\/li>\n\n\n\n<li>Przyj\u0119cie protoko\u0142u z poprzedniej sesji.<\/li>\n\n\n\n<li>Informacja W\u00f3jta o pracy mi\u0119dzy sesjami.<\/li>\n\n\n\n<li>Zapytania i wnioski radnych.<\/li>\n\n\n\n<li>Informacja w sprawie o\u015bwiadcze\u0144 maj\u0105tkowych sk\u0142adanych przez radnych i pracownik\u00f3w samorz\u0105dowych:<\/li>\n<\/ol>\n\n\n\n<ol style=\"list-style-type:lower-alpha\" class=\"wp-block-list\">\n<li>wyst\u0105pienie Przewodnicz\u0105cego Rady Gminy G\u00f3zd,<\/li>\n\n\n\n<li>wyst\u0105pienie W\u00f3jta Gminy G\u00f3zd.<\/li>\n<\/ol>\n\n\n\n<p>7. Podj\u0119cia uchwa\u0142 w sprawie:<\/p>\n\n\n\n<ol style=\"list-style-type:lower-alpha\" class=\"wp-block-list\">\n<li>uchwalenia rocznego Programu wsp\u00f3\u0142pracy gminy G\u00f3zd z organizacjami pozarz\u0105dowymi oraz innymi podmiotami prowadz\u0105cymi dzia\u0142alno\u015b\u0107 po\u017cytku publicznego na 2025 rok \/projekt I\/,<\/li>\n\n\n\n<li>przyj\u0119cia \u201eProgramu usuwania wyrob\u00f3w zawieraj\u0105cych azbest na lata 2024-2032 dla Gminy G\u00f3zd \u2013 aktualizacja\u201d \/projekt II\/,<\/li>\n\n\n\n<li>nadania nazwy drodze wewn\u0119trznej w miejscowo\u015bci Ma\u0142\u0119czyn \/projekt III\/,<\/li>\n\n\n\n<li>zwolnie\u0144 w podatku od nieruchomo\u015bci na 2025 rok \/projekt IV\/,<\/li>\n\n\n\n<li>uchwalenia stawek podatku od nieruchomo\u015bci na rok 2025 \/projekt V\/,<\/li>\n\n\n\n<li>ustalenia wysoko\u015bci stawek podatku od \u015brodk\u00f3w transportowych na 2025 rok oraz zwolnie\u0144 w tym podatku \/projekt VI\/,<\/li>\n\n\n\n<li>obni\u017cenia \u015bredniej ceny skupu \u017cyta dla cel\u00f3w wymiaru podatku rolnego na 2025 rok \/projekt VII\/,<\/li>\n\n\n\n<li>zmian w bud\u017cecie gminy na 2024 rok \/projekt VIII\/.<\/li>\n<\/ol>\n\n\n\n<p>8. Sprawy r\u00f3\u017cne.<\/p>\n\n\n\n<p>9. Zako\u0144czenie obrad.<\/p>\n","protected":false},"excerpt":{"rendered":"<div class=\"mh-excerpt\"><p>Przewodnicz\u0105cy Rady Gminy G\u00f3zd pan Jan Wasiak zawiadamia, \u017ce 30 pa\u017adziernika 2024 r. (\u015broda) o godz. 10:00 w siedzibie Urz\u0119du Gminy w Go\u017adzie odb\u0119dzie si\u0119 sesja zwyczajna Rady Gminy G\u00f3zd z nast\u0119puj\u0105cym porz\u0105dkiem obrad: 7. <a class=\"mh-excerpt-more\" href=\"https:\/\/nowa.gozd.pl\/?p=2293\" title=\"SESJA ZWYCZAJNA RADY GMINY G\u00d3ZD\">[&#8230;]<\/a><\/p>\n<\/div>","protected":false},"author":1,"featured_media":2299,"comment_status":"closed","ping_status":"closed","sticky":false,"template":"template-full.php","format":"standard","meta":{"footnotes":""},"categories":[6],"tags":[],"class_list":{"0":"post-2293","1":"post","2":"type-post","3":"status-publish","4":"format-standard","5":"has-post-thumbnail","7":"category-prawe-boczne"},"_links":{"self":[{"href":"https:\/\/nowa.gozd.pl\/index.php?rest_route=\/wp\/v2\/posts\/2293","targetHints":{"allow":["GET"]}}],"collection":[{"href":"https:\/\/nowa.gozd.pl\/index.php?rest_route=\/wp\/v2\/posts"}],"about":[{"href":"https:\/\/nowa.gozd.pl\/index.php?rest_route=\/wp\/v2\/types\/post"}],"author":[{"embeddable":true,"href":"https:\/\/nowa.gozd.pl\/index.php?rest_route=\/wp\/v2\/users\/1"}],"replies":[{"embeddable":true,"href":"https:\/\/nowa.gozd.pl\/index.php?rest_route=%2Fwp%2Fv2%2Fcomments&post=2293"}],"version-history":[{"count":2,"href":"https:\/\/nowa.gozd.pl\/index.php?rest_route=\/wp\/v2\/posts\/2293\/revisions"}],"predecessor-version":[{"id":2297,"href":"https:\/\/nowa.gozd.pl\/index.php?rest_route=\/wp\/v2\/posts\/2293\/revisions\/2297"}],"wp:featuredmedia":[{"embeddable":true,"href":"https:\/\/nowa.gozd.pl\/index.php?rest_route=\/wp\/v2\/media\/2299"}],"wp:attachment":[{"href":"https:\/\/nowa.gozd.pl\/index.php?rest_route=%2Fwp%2Fv2%2Fmedia&parent=2293"}],"wp:term":[{"taxonomy":"category","embeddable":true,"href":"https:\/\/nowa.gozd.pl\/index.php?rest_route=%2Fwp%2Fv2%2Fcategories&post=2293"},{"taxonomy":"post_tag","embeddable":true,"href":"https:\/\/nowa.gozd.pl\/index.php?rest_route=%2Fwp%2Fv2%2Ftags&post=2293"}],"curies":[{"name":"wp","href":"https:\/\/api.w.org\/{rel}","templated":true}]}}