{"id":2326,"date":"2024-11-11T00:03:28","date_gmt":"2024-11-11T00:03:28","guid":{"rendered":"https:\/\/nowa.gozd.pl\/?p=2326"},"modified":"2024-11-11T00:04:31","modified_gmt":"2024-11-11T00:04:31","slug":"pelni-wdziecznosci-za-dar-niepodleglosci","status":"publish","type":"post","link":"https:\/\/nowa.gozd.pl\/?p=2326","title":{"rendered":"PE\u0141NI WDZI\u0118CZNO\u015aCI ZA DAR NIEPODLEG\u0141O\u015aCI"},"content":{"rendered":"\n<p>Narodowe \u015awi\u0119to Niepodleg\u0142o\u015bci to dla Polak\u00f3w jedno z najwa\u017cniejszych \u015bwi\u0105t pa\u0144stwowych. \u00a0Po 123 latach zabor\u00f3w \u2013 niewoli naznaczonej walk\u0105, cierpieniem i wysi\u0142kiem wielu pokole\u0144 Polek i Polak\u00f3w \u2013 nasz kraj odzyska\u0142 suwerenno\u015b\u0107. <\/p>\n\n\n\n<p>Dzi\u015b, w 106. rocznic\u0119 powrotu Polski na map\u0119 Europy, uczcijmy pami\u0119\u0107 tych, kt\u00f3rym zawdzi\u0119czamy w\u0142asne pa\u0144stwo. Zamanifestujmy swoj\u0105 patriotyczn\u0105 postaw\u0119, przywi\u0105zanie do Ojczyzny oraz polskiej historii i tradycji. Z dum\u0105 wywie\u015bmy BIA\u0141O-CZERWON\u0104.<\/p>\n\n\n\n<figure class=\"wp-block-image size-full\"><img loading=\"lazy\" decoding=\"async\" width=\"490\" height=\"616\" src=\"https:\/\/nowa.gozd.pl\/wp-content\/uploads\/2024\/11\/11niepodleglosci.jpg\" alt=\"\" class=\"wp-image-2329\" srcset=\"https:\/\/nowa.gozd.pl\/wp-content\/uploads\/2024\/11\/11niepodleglosci.jpg 490w, https:\/\/nowa.gozd.pl\/wp-content\/uploads\/2024\/11\/11niepodleglosci-239x300.jpg 239w\" sizes=\"auto, (max-width: 490px) 100vw, 490px\" \/><\/figure>\n","protected":false},"excerpt":{"rendered":"<div class=\"mh-excerpt\"><p>Narodowe \u015awi\u0119to Niepodleg\u0142o\u015bci to dla Polak\u00f3w jedno z najwa\u017cniejszych \u015bwi\u0105t pa\u0144stwowych. \u00a0Po 123 latach zabor\u00f3w \u2013 niewoli naznaczonej walk\u0105, cierpieniem i wysi\u0142kiem wielu pokole\u0144 Polek i Polak\u00f3w \u2013 nasz kraj odzyska\u0142 suwerenno\u015b\u0107. Dzi\u015b, w 106. <a class=\"mh-excerpt-more\" href=\"https:\/\/nowa.gozd.pl\/?p=2326\" title=\"PE\u0141NI WDZI\u0118CZNO\u015aCI ZA DAR NIEPODLEG\u0141O\u015aCI\">[&#8230;]<\/a><\/p>\n<\/div>","protected":false},"author":1,"featured_media":2333,"comment_status":"closed","ping_status":"closed","sticky":false,"template":"template-full.php","format":"standard","meta":{"footnotes":""},"categories":[6],"tags":[],"class_list":{"0":"post-2326","1":"post","2":"type-post","3":"status-publish","4":"format-standard","5":"has-post-thumbnail","7":"category-prawe-boczne"},"_links":{"self":[{"href":"https:\/\/nowa.gozd.pl\/index.php?rest_route=\/wp\/v2\/posts\/2326","targetHints":{"allow":["GET"]}}],"collection":[{"href":"https:\/\/nowa.gozd.pl\/index.php?rest_route=\/wp\/v2\/posts"}],"about":[{"href":"https:\/\/nowa.gozd.pl\/index.php?rest_route=\/wp\/v2\/types\/post"}],"author":[{"embeddable":true,"href":"https:\/\/nowa.gozd.pl\/index.php?rest_route=\/wp\/v2\/users\/1"}],"replies":[{"embeddable":true,"href":"https:\/\/nowa.gozd.pl\/index.php?rest_route=%2Fwp%2Fv2%2Fcomments&post=2326"}],"version-history":[{"count":2,"href":"https:\/\/nowa.gozd.pl\/index.php?rest_route=\/wp\/v2\/posts\/2326\/revisions"}],"predecessor-version":[{"id":2337,"href":"https:\/\/nowa.gozd.pl\/index.php?rest_route=\/wp\/v2\/posts\/2326\/revisions\/2337"}],"wp:featuredmedia":[{"embeddable":true,"href":"https:\/\/nowa.gozd.pl\/index.php?rest_route=\/wp\/v2\/media\/2333"}],"wp:attachment":[{"href":"https:\/\/nowa.gozd.pl\/index.php?rest_route=%2Fwp%2Fv2%2Fmedia&parent=2326"}],"wp:term":[{"taxonomy":"category","embeddable":true,"href":"https:\/\/nowa.gozd.pl\/index.php?rest_route=%2Fwp%2Fv2%2Fcategories&post=2326"},{"taxonomy":"post_tag","embeddable":true,"href":"https:\/\/nowa.gozd.pl\/index.php?rest_route=%2Fwp%2Fv2%2Ftags&post=2326"}],"curies":[{"name":"wp","href":"https:\/\/api.w.org\/{rel}","templated":true}]}}