{"id":2339,"date":"2024-05-27T10:58:00","date_gmt":"2024-05-27T10:58:00","guid":{"rendered":"https:\/\/nowa.gozd.pl\/?p=2339"},"modified":"2024-11-13T11:07:38","modified_gmt":"2024-11-13T11:07:38","slug":"2339","status":"publish","type":"post","link":"https:\/\/nowa.gozd.pl\/?p=2339","title":{"rendered":"GMINA G\u00d3ZD UCZESTNICZY W PROGRAMIE &#8222;AKTYWNA SZKO\u0141A&#8221;&#8217;"},"content":{"rendered":"\n<p>Gmina G\u00f3zd przyst\u0105pi\u0142a do programu \u201eAktywna Szko\u0142a\u201d, finansowanego ze \u015brodk\u00f3w bud\u017cetu pa\u0144stwa, og\u0142oszonego i nadzorowanego przez Ministerstwo Sportu i Turystyki. Program ma charakter og\u00f3lnopolski, a jego realizatorem krajowym jest Fundacja Or\u0142y Sportu z siedzib\u0105&nbsp;&nbsp;&nbsp;&nbsp;&nbsp; w Pucku.<\/p>\n\n\n\n<p>Program jest skierowany w szczeg\u00f3lno\u015bci do dzieci i m\u0142odzie\u017cy, ale tak\u017ce do os\u00f3b doros\u0142ych. Dzi\u0119ki optymalnemu wykorzystaniu przyszkolnej i samorz\u0105dowej infrastruktury sportowej oraz zapewnieniu profesjonalnego wsparcia trenerskiego projekt umo\u017cliwia aktywizacj\u0119 spo\u0142ecze\u0144stwa na poziomie lokalnym.<\/p>\n\n\n\n<p>W ramach programu realizowane b\u0119dzie dzia\u0142anie: \u201eAktywny Orlik\u201d \u2013 aktywizuj\u0105ce do prowadzenia zaj\u0119\u0107 sportowych. W tym celu zaanga\u017cowano trzech trener\u00f3w, posiadaj\u0105cych uprawnienia i licencje do prowadzenia zaj\u0119\u0107. Zaj\u0119cia b\u0119d\u0105 odbywa\u0107 si\u0119 wg. harmonogramu sporz\u0105dzonego przez prowadz\u0105cych zaj\u0119cia na terenie samorz\u0105dowych i szkolnych obiekt\u00f3w sportowych Orlik:\u00a0\u00a0\u00a0\u00a0\u00a0\u00a0\u00a0\u00a0\u00a0\u00a0\u00a0\u00a0\u00a0\u00a0\u00a0\u00a0\u00a0\u00a0\u00a0\u00a0\u00a0\u00a0\u00a0\u00a0\u00a0\u00a0\u00a0\u00a0\u00a0\u00a0\u00a0<br><\/p>\n\n\n\n<ul class=\"wp-block-list\">\n<li>Orlik G\u00f3zd, ul. Starowiejska 130 <\/li>\n\n\n\n<li>Orlik Ma\u0142\u0119czyn, ul. Szkolna 64 <\/li>\n\n\n\n<li>Orlik Klwatka Kr\u00f3lewska 31 <br><br>Zaj\u0119cia sportowe b\u0119d\u0105 prowadzone do dnia 30 listopada 2024 r. Udzia\u0142 w zaj\u0119ciach jest og\u00f3lnodost\u0119pny i bezp\u0142atny.<br><br><\/li>\n<\/ul>\n\n\n\n<figure class=\"wp-block-image size-full\"><img loading=\"lazy\" decoding=\"async\" width=\"716\" height=\"716\" src=\"https:\/\/nowa.gozd.pl\/wp-content\/uploads\/2024\/05\/aktywna_szkola_1080x1080-1024x1024-1.png\" alt=\"\" class=\"wp-image-2342\" srcset=\"https:\/\/nowa.gozd.pl\/wp-content\/uploads\/2024\/05\/aktywna_szkola_1080x1080-1024x1024-1.png 716w, https:\/\/nowa.gozd.pl\/wp-content\/uploads\/2024\/05\/aktywna_szkola_1080x1080-1024x1024-1-300x300.png 300w, https:\/\/nowa.gozd.pl\/wp-content\/uploads\/2024\/05\/aktywna_szkola_1080x1080-1024x1024-1-150x150.png 150w\" sizes=\"auto, (max-width: 716px) 100vw, 716px\" \/><\/figure>\n","protected":false},"excerpt":{"rendered":"<div class=\"mh-excerpt\"><p>Gmina G\u00f3zd przyst\u0105pi\u0142a do programu \u201eAktywna Szko\u0142a\u201d, finansowanego ze \u015brodk\u00f3w bud\u017cetu pa\u0144stwa, og\u0142oszonego i nadzorowanego przez Ministerstwo Sportu i Turystyki. Program ma charakter og\u00f3lnopolski, a jego realizatorem krajowym jest Fundacja Or\u0142y Sportu z siedzib\u0105&nbsp;&nbsp;&nbsp;&nbsp;&nbsp; w <a class=\"mh-excerpt-more\" href=\"https:\/\/nowa.gozd.pl\/?p=2339\" title=\"GMINA G\u00d3ZD UCZESTNICZY W PROGRAMIE &#8222;AKTYWNA SZKO\u0141A&#8221;&#8217;\">[&#8230;]<\/a><\/p>\n<\/div>","protected":false},"author":1,"featured_media":2340,"comment_status":"closed","ping_status":"closed","sticky":false,"template":"template-full.php","format":"standard","meta":{"footnotes":""},"categories":[6],"tags":[],"class_list":{"0":"post-2339","1":"post","2":"type-post","3":"status-publish","4":"format-standard","5":"has-post-thumbnail","7":"category-prawe-boczne"},"_links":{"self":[{"href":"https:\/\/nowa.gozd.pl\/index.php?rest_route=\/wp\/v2\/posts\/2339","targetHints":{"allow":["GET"]}}],"collection":[{"href":"https:\/\/nowa.gozd.pl\/index.php?rest_route=\/wp\/v2\/posts"}],"about":[{"href":"https:\/\/nowa.gozd.pl\/index.php?rest_route=\/wp\/v2\/types\/post"}],"author":[{"embeddable":true,"href":"https:\/\/nowa.gozd.pl\/index.php?rest_route=\/wp\/v2\/users\/1"}],"replies":[{"embeddable":true,"href":"https:\/\/nowa.gozd.pl\/index.php?rest_route=%2Fwp%2Fv2%2Fcomments&post=2339"}],"version-history":[{"count":2,"href":"https:\/\/nowa.gozd.pl\/index.php?rest_route=\/wp\/v2\/posts\/2339\/revisions"}],"predecessor-version":[{"id":2344,"href":"https:\/\/nowa.gozd.pl\/index.php?rest_route=\/wp\/v2\/posts\/2339\/revisions\/2344"}],"wp:featuredmedia":[{"embeddable":true,"href":"https:\/\/nowa.gozd.pl\/index.php?rest_route=\/wp\/v2\/media\/2340"}],"wp:attachment":[{"href":"https:\/\/nowa.gozd.pl\/index.php?rest_route=%2Fwp%2Fv2%2Fmedia&parent=2339"}],"wp:term":[{"taxonomy":"category","embeddable":true,"href":"https:\/\/nowa.gozd.pl\/index.php?rest_route=%2Fwp%2Fv2%2Fcategories&post=2339"},{"taxonomy":"post_tag","embeddable":true,"href":"https:\/\/nowa.gozd.pl\/index.php?rest_route=%2Fwp%2Fv2%2Ftags&post=2339"}],"curies":[{"name":"wp","href":"https:\/\/api.w.org\/{rel}","templated":true}]}}