{"id":2368,"date":"2024-11-21T09:12:25","date_gmt":"2024-11-21T09:12:25","guid":{"rendered":"https:\/\/nowa.gozd.pl\/?p=2368"},"modified":"2024-11-21T09:12:39","modified_gmt":"2024-11-21T09:12:39","slug":"zyczenia-wladz-samorzadowych","status":"publish","type":"post","link":"https:\/\/nowa.gozd.pl\/?p=2368","title":{"rendered":"\u017bYCZENIA W\u0141ADZ SAMORZ\u0104DOWYCH"},"content":{"rendered":"\n<p>Z okazji Dnia Pracownika Socjalnego sk\u0142adamy wszystkim pracownikom pomocy spo\u0142ecznej najserdeczniejsze \u017cyczenia, wyrazy uznania i podzi\u0119kowania za trudn\u0105 i odpowiedzialn\u0105 prac\u0119 na rzecz os\u00f3b najbardziej potrzebuj\u0105cych w gminie G\u00f3zd. Dzi\u0119kujmy za&#8230;<\/p>\n\n\n\n<figure class=\"wp-block-image size-full\"><img loading=\"lazy\" decoding=\"async\" width=\"677\" height=\"481\" src=\"https:\/\/nowa.gozd.pl\/wp-content\/uploads\/2024\/11\/11.png\" alt=\"\" class=\"wp-image-2371\" srcset=\"https:\/\/nowa.gozd.pl\/wp-content\/uploads\/2024\/11\/11.png 677w, https:\/\/nowa.gozd.pl\/wp-content\/uploads\/2024\/11\/11-300x213.png 300w\" sizes=\"auto, (max-width: 677px) 100vw, 677px\" \/><\/figure>\n","protected":false},"excerpt":{"rendered":"<div class=\"mh-excerpt\"><p>Z okazji Dnia Pracownika Socjalnego sk\u0142adamy wszystkim pracownikom pomocy spo\u0142ecznej najserdeczniejsze \u017cyczenia, wyrazy uznania i podzi\u0119kowania za trudn\u0105 i odpowiedzialn\u0105 prac\u0119 na rzecz os\u00f3b najbardziej potrzebuj\u0105cych w gminie G\u00f3zd. Dzi\u0119kujmy za&#8230;<\/p>\n<\/div>","protected":false},"author":1,"featured_media":2369,"comment_status":"closed","ping_status":"closed","sticky":false,"template":"template-full.php","format":"standard","meta":{"footnotes":""},"categories":[6],"tags":[],"class_list":{"0":"post-2368","1":"post","2":"type-post","3":"status-publish","4":"format-standard","5":"has-post-thumbnail","7":"category-prawe-boczne"},"_links":{"self":[{"href":"https:\/\/nowa.gozd.pl\/index.php?rest_route=\/wp\/v2\/posts\/2368","targetHints":{"allow":["GET"]}}],"collection":[{"href":"https:\/\/nowa.gozd.pl\/index.php?rest_route=\/wp\/v2\/posts"}],"about":[{"href":"https:\/\/nowa.gozd.pl\/index.php?rest_route=\/wp\/v2\/types\/post"}],"author":[{"embeddable":true,"href":"https:\/\/nowa.gozd.pl\/index.php?rest_route=\/wp\/v2\/users\/1"}],"replies":[{"embeddable":true,"href":"https:\/\/nowa.gozd.pl\/index.php?rest_route=%2Fwp%2Fv2%2Fcomments&post=2368"}],"version-history":[{"count":2,"href":"https:\/\/nowa.gozd.pl\/index.php?rest_route=\/wp\/v2\/posts\/2368\/revisions"}],"predecessor-version":[{"id":2372,"href":"https:\/\/nowa.gozd.pl\/index.php?rest_route=\/wp\/v2\/posts\/2368\/revisions\/2372"}],"wp:featuredmedia":[{"embeddable":true,"href":"https:\/\/nowa.gozd.pl\/index.php?rest_route=\/wp\/v2\/media\/2369"}],"wp:attachment":[{"href":"https:\/\/nowa.gozd.pl\/index.php?rest_route=%2Fwp%2Fv2%2Fmedia&parent=2368"}],"wp:term":[{"taxonomy":"category","embeddable":true,"href":"https:\/\/nowa.gozd.pl\/index.php?rest_route=%2Fwp%2Fv2%2Fcategories&post=2368"},{"taxonomy":"post_tag","embeddable":true,"href":"https:\/\/nowa.gozd.pl\/index.php?rest_route=%2Fwp%2Fv2%2Ftags&post=2368"}],"curies":[{"name":"wp","href":"https:\/\/api.w.org\/{rel}","templated":true}]}}