{"id":2377,"date":"2024-11-27T07:08:30","date_gmt":"2024-11-27T07:08:30","guid":{"rendered":"https:\/\/nowa.gozd.pl\/?p=2377"},"modified":"2024-11-27T07:12:53","modified_gmt":"2024-11-27T07:12:53","slug":"zdobywaj-szczyty-rosnij-w-sile","status":"publish","type":"post","link":"https:\/\/nowa.gozd.pl\/?p=2377","title":{"rendered":"ZDOBYWAJ SZCZYTY, RO\u015aNIJ W SI\u0141\u0118!"},"content":{"rendered":"\n<p>Zapraszamy na spotkanie z panem Karolem Adamskim, alpinist\u0105, himalaist\u0105, podr\u00f3\u017cnikiem, przewodnikiem g\u00f3rskim, liderem wielu wypraw w g\u00f3ry wysokie, zdobywc\u0105 Mount Everestu i Manaslu, mieszka\u0144cem gminy G\u00f3zd. Miejsce i czas spotkania: <strong>12 GRUDNIA 2024 R., GODZ. 16:00, PUBLICZNA SZKO\u0141A PODSTAWOWA W K\u0141ON\u00d3WKU-KOLONII. <\/strong>Pan Karol Adamski opowie o swoich ekstremalnych ekspedycjach\u2026<\/p>\n\n\n\n<figure class=\"wp-block-image size-large\"><img loading=\"lazy\" decoding=\"async\" width=\"726\" height=\"1024\" src=\"https:\/\/nowa.gozd.pl\/wp-content\/uploads\/2024\/11\/465647879_884915870411959_3306950601212122365_n-726x1024.jpg\" alt=\"\" class=\"wp-image-2378\" srcset=\"https:\/\/nowa.gozd.pl\/wp-content\/uploads\/2024\/11\/465647879_884915870411959_3306950601212122365_n-726x1024.jpg 726w, https:\/\/nowa.gozd.pl\/wp-content\/uploads\/2024\/11\/465647879_884915870411959_3306950601212122365_n-213x300.jpg 213w, https:\/\/nowa.gozd.pl\/wp-content\/uploads\/2024\/11\/465647879_884915870411959_3306950601212122365_n-768x1083.jpg 768w, https:\/\/nowa.gozd.pl\/wp-content\/uploads\/2024\/11\/465647879_884915870411959_3306950601212122365_n-1089x1536.jpg 1089w, https:\/\/nowa.gozd.pl\/wp-content\/uploads\/2024\/11\/465647879_884915870411959_3306950601212122365_n.jpg 1414w\" sizes=\"auto, (max-width: 726px) 100vw, 726px\" \/><\/figure>\n","protected":false},"excerpt":{"rendered":"<div class=\"mh-excerpt\"><p>Zapraszamy na spotkanie z panem Karolem Adamskim, alpinist\u0105, himalaist\u0105, podr\u00f3\u017cnikiem, przewodnikiem g\u00f3rskim, liderem wielu wypraw w g\u00f3ry wysokie, zdobywc\u0105 Mount Everestu i Manaslu, mieszka\u0144cem gminy G\u00f3zd. Miejsce i czas spotkania: 12 GRUDNIA 2024 R., GODZ. <a class=\"mh-excerpt-more\" href=\"https:\/\/nowa.gozd.pl\/?p=2377\" title=\"ZDOBYWAJ SZCZYTY, RO\u015aNIJ W SI\u0141\u0118!\">[&#8230;]<\/a><\/p>\n<\/div>","protected":false},"author":1,"featured_media":2383,"comment_status":"closed","ping_status":"closed","sticky":false,"template":"template-full.php","format":"standard","meta":{"footnotes":""},"categories":[6],"tags":[],"class_list":{"0":"post-2377","1":"post","2":"type-post","3":"status-publish","4":"format-standard","5":"has-post-thumbnail","7":"category-prawe-boczne"},"_links":{"self":[{"href":"https:\/\/nowa.gozd.pl\/index.php?rest_route=\/wp\/v2\/posts\/2377","targetHints":{"allow":["GET"]}}],"collection":[{"href":"https:\/\/nowa.gozd.pl\/index.php?rest_route=\/wp\/v2\/posts"}],"about":[{"href":"https:\/\/nowa.gozd.pl\/index.php?rest_route=\/wp\/v2\/types\/post"}],"author":[{"embeddable":true,"href":"https:\/\/nowa.gozd.pl\/index.php?rest_route=\/wp\/v2\/users\/1"}],"replies":[{"embeddable":true,"href":"https:\/\/nowa.gozd.pl\/index.php?rest_route=%2Fwp%2Fv2%2Fcomments&post=2377"}],"version-history":[{"count":2,"href":"https:\/\/nowa.gozd.pl\/index.php?rest_route=\/wp\/v2\/posts\/2377\/revisions"}],"predecessor-version":[{"id":2384,"href":"https:\/\/nowa.gozd.pl\/index.php?rest_route=\/wp\/v2\/posts\/2377\/revisions\/2384"}],"wp:featuredmedia":[{"embeddable":true,"href":"https:\/\/nowa.gozd.pl\/index.php?rest_route=\/wp\/v2\/media\/2383"}],"wp:attachment":[{"href":"https:\/\/nowa.gozd.pl\/index.php?rest_route=%2Fwp%2Fv2%2Fmedia&parent=2377"}],"wp:term":[{"taxonomy":"category","embeddable":true,"href":"https:\/\/nowa.gozd.pl\/index.php?rest_route=%2Fwp%2Fv2%2Fcategories&post=2377"},{"taxonomy":"post_tag","embeddable":true,"href":"https:\/\/nowa.gozd.pl\/index.php?rest_route=%2Fwp%2Fv2%2Ftags&post=2377"}],"curies":[{"name":"wp","href":"https:\/\/api.w.org\/{rel}","templated":true}]}}