{"id":2468,"date":"2024-12-20T13:36:05","date_gmt":"2024-12-20T13:36:05","guid":{"rendered":"https:\/\/nowa.gozd.pl\/?p=2468"},"modified":"2024-12-20T13:36:05","modified_gmt":"2024-12-20T13:36:05","slug":"zyczenia-swiateczne-wladz-samorzadowych","status":"publish","type":"post","link":"https:\/\/nowa.gozd.pl\/?p=2468","title":{"rendered":"\u017bYCZENIA \u015aWI\u0104TECZNE W\u0141ADZ SAMORZ\u0104DOWYCH"},"content":{"rendered":"\n<p>Z okazji \u015awi\u0105t Bo\u017cego Narodzenia \u017cyczymy Pa\u0144stwu wiele rado\u015bci, ciep\u0142a i mi\u0142o\u015bci. Niech wigilijny wiecz\u00f3r przyniesie pok\u00f3j i harmoni\u0119, a&#8230;<\/p>\n\n\n\n<figure class=\"wp-block-image size-full\"><img loading=\"lazy\" decoding=\"async\" width=\"768\" height=\"542\" src=\"https:\/\/nowa.gozd.pl\/wp-content\/uploads\/2024\/12\/gold-background-for-christmas-\u2014-kopia.jpg\" alt=\"\" class=\"wp-image-2469\" srcset=\"https:\/\/nowa.gozd.pl\/wp-content\/uploads\/2024\/12\/gold-background-for-christmas-\u2014-kopia.jpg 768w, https:\/\/nowa.gozd.pl\/wp-content\/uploads\/2024\/12\/gold-background-for-christmas-\u2014-kopia-300x212.jpg 300w\" sizes=\"auto, (max-width: 768px) 100vw, 768px\" \/><\/figure>\n","protected":false},"excerpt":{"rendered":"<div class=\"mh-excerpt\"><p>Z okazji \u015awi\u0105t Bo\u017cego Narodzenia \u017cyczymy Pa\u0144stwu wiele rado\u015bci, ciep\u0142a i mi\u0142o\u015bci. Niech wigilijny wiecz\u00f3r przyniesie pok\u00f3j i harmoni\u0119, a&#8230;<\/p>\n<\/div>","protected":false},"author":1,"featured_media":2470,"comment_status":"closed","ping_status":"closed","sticky":false,"template":"template-full.php","format":"standard","meta":{"footnotes":""},"categories":[6],"tags":[],"class_list":{"0":"post-2468","1":"post","2":"type-post","3":"status-publish","4":"format-standard","5":"has-post-thumbnail","7":"category-prawe-boczne"},"_links":{"self":[{"href":"https:\/\/nowa.gozd.pl\/index.php?rest_route=\/wp\/v2\/posts\/2468","targetHints":{"allow":["GET"]}}],"collection":[{"href":"https:\/\/nowa.gozd.pl\/index.php?rest_route=\/wp\/v2\/posts"}],"about":[{"href":"https:\/\/nowa.gozd.pl\/index.php?rest_route=\/wp\/v2\/types\/post"}],"author":[{"embeddable":true,"href":"https:\/\/nowa.gozd.pl\/index.php?rest_route=\/wp\/v2\/users\/1"}],"replies":[{"embeddable":true,"href":"https:\/\/nowa.gozd.pl\/index.php?rest_route=%2Fwp%2Fv2%2Fcomments&post=2468"}],"version-history":[{"count":1,"href":"https:\/\/nowa.gozd.pl\/index.php?rest_route=\/wp\/v2\/posts\/2468\/revisions"}],"predecessor-version":[{"id":2471,"href":"https:\/\/nowa.gozd.pl\/index.php?rest_route=\/wp\/v2\/posts\/2468\/revisions\/2471"}],"wp:featuredmedia":[{"embeddable":true,"href":"https:\/\/nowa.gozd.pl\/index.php?rest_route=\/wp\/v2\/media\/2470"}],"wp:attachment":[{"href":"https:\/\/nowa.gozd.pl\/index.php?rest_route=%2Fwp%2Fv2%2Fmedia&parent=2468"}],"wp:term":[{"taxonomy":"category","embeddable":true,"href":"https:\/\/nowa.gozd.pl\/index.php?rest_route=%2Fwp%2Fv2%2Fcategories&post=2468"},{"taxonomy":"post_tag","embeddable":true,"href":"https:\/\/nowa.gozd.pl\/index.php?rest_route=%2Fwp%2Fv2%2Ftags&post=2468"}],"curies":[{"name":"wp","href":"https:\/\/api.w.org\/{rel}","templated":true}]}}