{"id":2485,"date":"2024-12-30T14:26:03","date_gmt":"2024-12-30T14:26:03","guid":{"rendered":"https:\/\/nowa.gozd.pl\/?p=2485"},"modified":"2024-12-30T14:33:18","modified_gmt":"2024-12-30T14:33:18","slug":"budzet-gminy-na-2025-rok-uchwalony-jednoglosnie","status":"publish","type":"post","link":"https:\/\/nowa.gozd.pl\/?p=2485","title":{"rendered":"BUD\u017bET GMINY NA 2025 ROK &#8211; UCHWALONY JEDNOG\u0141O\u015aNIE"},"content":{"rendered":"\n<p>30 grudnia br. odby\u0142a si\u0119 VII sesja Rady Gminy G\u00f3zd, podczas kt\u00f3rej procedowano uchwa\u0142\u0119 bud\u017cetow\u0105 na 2025 rok. G\u0142osowanie nad bud\u017cetem poprzedzi\u0142o odczytanie opinii Regionalnej Izby Obrachunkowej o projekcie bud\u017cetu oraz opinii poszczeg\u00f3lnych Komisji Rady Gminy G\u00f3zd. Zar\u00f3wno RIO jak i Komisje projekt bud\u017cetu zaopiniowa\u0142y pozytywnie, w zwi\u0105zku z czym bud\u017cet gminy na 2025 rok zosta\u0142 przyj\u0119ty przez radnych jednog\u0142o\u015bnie.<\/p>\n\n\n\n<p>Bud\u017cet Gminy G\u00f3zd na 2025 rok w liczbach:<\/p>\n\n\n\n<p>Dochody og\u00f3\u0142em: 68&nbsp;363&nbsp;855,00 z\u0142<\/p>\n\n\n\n<p>Wydatki og\u00f3\u0142em: 72&nbsp;463&nbsp;855,00 z\u0142, w tym maj\u0105tkowe: 18 387&nbsp;500,00 z\u0142<\/p>\n\n\n\n<p>Warto nadmieni\u0107, \u017ce przysz\u0142oroczny bud\u017cet powsta\u0142 w oparciu o nowe zasady finansowania samorz\u0105d\u00f3w. Dotychczas bud\u017cet gminy opiera\u0142 si\u0119 w przewa\u017caj\u0105cej cz\u0119\u015bci na subwencji og\u00f3lnej oraz na subwencji o\u015bwiatowej. Nowa ustawa zamiast obecnych cz\u0119\u015bci subwencji og\u00f3lnej dla samorz\u0105d\u00f3w, wprowadza poj\u0119cie potrzeb finansowych, kt\u00f3re b\u0119d\u0105 podlega\u0107 finansowaniu dochodami z tytu\u0142u udzia\u0142u w podatku PIT i CIT. Od 2025 roku znika subwencja o\u015bwiatowa, za\u015b odpowiedzialno\u015b\u0107 za finansowanie edukacji przejmie samorz\u0105d.<\/p>\n","protected":false},"excerpt":{"rendered":"<div class=\"mh-excerpt\"><p>30 grudnia br. odby\u0142a si\u0119 VII sesja Rady Gminy G\u00f3zd, podczas kt\u00f3rej procedowano uchwa\u0142\u0119 bud\u017cetow\u0105 na 2025 rok. G\u0142osowanie nad bud\u017cetem poprzedzi\u0142o odczytanie opinii Regionalnej Izby Obrachunkowej o projekcie bud\u017cetu oraz opinii poszczeg\u00f3lnych Komisji Rady <a class=\"mh-excerpt-more\" href=\"https:\/\/nowa.gozd.pl\/?p=2485\" title=\"BUD\u017bET GMINY NA 2025 ROK &#8211; UCHWALONY JEDNOG\u0141O\u015aNIE\">[&#8230;]<\/a><\/p>\n<\/div>","protected":false},"author":1,"featured_media":2486,"comment_status":"closed","ping_status":"closed","sticky":false,"template":"template-full.php","format":"standard","meta":{"footnotes":""},"categories":[6],"tags":[],"class_list":{"0":"post-2485","1":"post","2":"type-post","3":"status-publish","4":"format-standard","5":"has-post-thumbnail","7":"category-prawe-boczne"},"_links":{"self":[{"href":"https:\/\/nowa.gozd.pl\/index.php?rest_route=\/wp\/v2\/posts\/2485","targetHints":{"allow":["GET"]}}],"collection":[{"href":"https:\/\/nowa.gozd.pl\/index.php?rest_route=\/wp\/v2\/posts"}],"about":[{"href":"https:\/\/nowa.gozd.pl\/index.php?rest_route=\/wp\/v2\/types\/post"}],"author":[{"embeddable":true,"href":"https:\/\/nowa.gozd.pl\/index.php?rest_route=\/wp\/v2\/users\/1"}],"replies":[{"embeddable":true,"href":"https:\/\/nowa.gozd.pl\/index.php?rest_route=%2Fwp%2Fv2%2Fcomments&post=2485"}],"version-history":[{"count":2,"href":"https:\/\/nowa.gozd.pl\/index.php?rest_route=\/wp\/v2\/posts\/2485\/revisions"}],"predecessor-version":[{"id":2488,"href":"https:\/\/nowa.gozd.pl\/index.php?rest_route=\/wp\/v2\/posts\/2485\/revisions\/2488"}],"wp:featuredmedia":[{"embeddable":true,"href":"https:\/\/nowa.gozd.pl\/index.php?rest_route=\/wp\/v2\/media\/2486"}],"wp:attachment":[{"href":"https:\/\/nowa.gozd.pl\/index.php?rest_route=%2Fwp%2Fv2%2Fmedia&parent=2485"}],"wp:term":[{"taxonomy":"category","embeddable":true,"href":"https:\/\/nowa.gozd.pl\/index.php?rest_route=%2Fwp%2Fv2%2Fcategories&post=2485"},{"taxonomy":"post_tag","embeddable":true,"href":"https:\/\/nowa.gozd.pl\/index.php?rest_route=%2Fwp%2Fv2%2Ftags&post=2485"}],"curies":[{"name":"wp","href":"https:\/\/api.w.org\/{rel}","templated":true}]}}