{"id":2523,"date":"2025-01-17T08:40:09","date_gmt":"2025-01-17T08:40:09","guid":{"rendered":"https:\/\/nowa.gozd.pl\/?p=2523"},"modified":"2025-01-17T08:40:09","modified_gmt":"2025-01-17T08:40:09","slug":"prawie-200-tys-zl-na-gminne-przewozy-autobusowe","status":"publish","type":"post","link":"https:\/\/nowa.gozd.pl\/?p=2523","title":{"rendered":"PRAWIE 200 TYS. Z\u0141 NA GMINNE PRZEWOZY AUTOBUSOWE"},"content":{"rendered":"\n<p>Gmina G\u00f3zd, jako organizator transportu publicznego o charakterze u\u017cyteczno\u015bci publicznej, pozyska\u0142a na przewozy autobusowe \u015bwiadczone w 2025 roku kwot\u0119 <strong>193\u00a0428,00 z\u0142.<\/strong> Wsparcie pochodzi ze \u015brodk\u00f3w bud\u017cetu wojew\u00f3dztwa mazowieckiego z Funduszu Rozwoju Przewoz\u00f3w Autobusowych. Z bud\u017cetu gminy przeznaczono na ten cel 64\u00a0476,00 z\u0142. Oznacza to, \u017ce udzia\u0142 gminy w dop\u0142acie do 1 wozokilometra wynosi zaledwie 25%.<\/p>\n\n\n\n<p>Stosown\u0105 umow\u0119 o dofinansowanie podpisano 14 stycznia br. w siedzibie Mazowieckiego Urz\u0119du Wojew\u00f3dzkiego w Warszawie. Gmin\u0119 G\u00f3zd reprezentowali w\u00f3jt gminy pan Pawe\u0142 Dziewit oraz skarbnik gminy pani Bogus\u0142awa Ko\u015bcielniak.<\/p>\n\n\n\n<figure class=\"wp-block-image size-full\"><img loading=\"lazy\" decoding=\"async\" width=\"525\" height=\"738\" src=\"https:\/\/nowa.gozd.pl\/wp-content\/uploads\/2025\/01\/plakat-1-1.png\" alt=\"\" class=\"wp-image-2524\" srcset=\"https:\/\/nowa.gozd.pl\/wp-content\/uploads\/2025\/01\/plakat-1-1.png 525w, https:\/\/nowa.gozd.pl\/wp-content\/uploads\/2025\/01\/plakat-1-1-213x300.png 213w\" sizes=\"auto, (max-width: 525px) 100vw, 525px\" \/><\/figure>\n","protected":false},"excerpt":{"rendered":"<div class=\"mh-excerpt\"><p>Gmina G\u00f3zd, jako organizator transportu publicznego o charakterze u\u017cyteczno\u015bci publicznej, pozyska\u0142a na przewozy autobusowe \u015bwiadczone w 2025 roku kwot\u0119 193\u00a0428,00 z\u0142. Wsparcie pochodzi ze \u015brodk\u00f3w bud\u017cetu wojew\u00f3dztwa mazowieckiego z Funduszu Rozwoju Przewoz\u00f3w Autobusowych. Z bud\u017cetu <a class=\"mh-excerpt-more\" href=\"https:\/\/nowa.gozd.pl\/?p=2523\" title=\"PRAWIE 200 TYS. Z\u0141 NA GMINNE PRZEWOZY AUTOBUSOWE\">[&#8230;]<\/a><\/p>\n<\/div>","protected":false},"author":1,"featured_media":2525,"comment_status":"closed","ping_status":"closed","sticky":false,"template":"template-full.php","format":"standard","meta":{"footnotes":""},"categories":[6],"tags":[],"class_list":{"0":"post-2523","1":"post","2":"type-post","3":"status-publish","4":"format-standard","5":"has-post-thumbnail","7":"category-prawe-boczne"},"_links":{"self":[{"href":"https:\/\/nowa.gozd.pl\/index.php?rest_route=\/wp\/v2\/posts\/2523","targetHints":{"allow":["GET"]}}],"collection":[{"href":"https:\/\/nowa.gozd.pl\/index.php?rest_route=\/wp\/v2\/posts"}],"about":[{"href":"https:\/\/nowa.gozd.pl\/index.php?rest_route=\/wp\/v2\/types\/post"}],"author":[{"embeddable":true,"href":"https:\/\/nowa.gozd.pl\/index.php?rest_route=\/wp\/v2\/users\/1"}],"replies":[{"embeddable":true,"href":"https:\/\/nowa.gozd.pl\/index.php?rest_route=%2Fwp%2Fv2%2Fcomments&post=2523"}],"version-history":[{"count":1,"href":"https:\/\/nowa.gozd.pl\/index.php?rest_route=\/wp\/v2\/posts\/2523\/revisions"}],"predecessor-version":[{"id":2526,"href":"https:\/\/nowa.gozd.pl\/index.php?rest_route=\/wp\/v2\/posts\/2523\/revisions\/2526"}],"wp:featuredmedia":[{"embeddable":true,"href":"https:\/\/nowa.gozd.pl\/index.php?rest_route=\/wp\/v2\/media\/2525"}],"wp:attachment":[{"href":"https:\/\/nowa.gozd.pl\/index.php?rest_route=%2Fwp%2Fv2%2Fmedia&parent=2523"}],"wp:term":[{"taxonomy":"category","embeddable":true,"href":"https:\/\/nowa.gozd.pl\/index.php?rest_route=%2Fwp%2Fv2%2Fcategories&post=2523"},{"taxonomy":"post_tag","embeddable":true,"href":"https:\/\/nowa.gozd.pl\/index.php?rest_route=%2Fwp%2Fv2%2Ftags&post=2523"}],"curies":[{"name":"wp","href":"https:\/\/api.w.org\/{rel}","templated":true}]}}