{"id":2527,"date":"2025-01-17T11:13:42","date_gmt":"2025-01-17T11:13:42","guid":{"rendered":"https:\/\/nowa.gozd.pl\/?p=2527"},"modified":"2025-01-17T11:13:42","modified_gmt":"2025-01-17T11:13:42","slug":"apel-mazowieckiego-wojewodzkiego-lekarza-weterynarii-do-hodowcow-drobiu","status":"publish","type":"post","link":"https:\/\/nowa.gozd.pl\/?p=2527","title":{"rendered":"APEL MAZOWIECKIEGO WOJEW\u00d3DZKIEGO LEKARZA WETERYNARII DO HODOWC\u00d3W DROBIU"},"content":{"rendered":"\n<p><strong>W zwi\u0105zku z aktualn\u0105 sytuacj\u0105 epizootyczn\u0105 na terenie wojew\u00f3dztwa mazowieckiego, zwracam si\u0119 z apelem o podj\u0119cie wszelkich dzia\u0142a\u0144 maj\u0105cych na celu ochron\u0119 zdrowia stad drobiu oraz zapobieganie rozprzestrzenianiu si\u0119 chor\u00f3b zaka\u017anych. Na terenie naszego wojew\u00f3dztwa w ostatnim czasie stwierdzono ogniska rzekomego pomoru drobiu (ND), a tak\u017ce ognisko wysoce zjadliwej grypy ptak\u00f3w (HPAI) w powiecie \u017curomi\u0144skim.<\/strong> Pragn\u0119 przypomnie\u0107, \u017ce&#8230;<\/p>\n\n\n\n<div data-wp-interactive=\"core\/file\" class=\"wp-block-file\"><object data-wp-bind--hidden=\"!state.hasPdfPreview\" hidden class=\"wp-block-file__embed\" data=\"https:\/\/nowa.gozd.pl\/wp-content\/uploads\/2025\/01\/Apel-do-hodowcow-drobiu.pdf\" type=\"application\/pdf\" style=\"width:100%;height:600px\" aria-label=\"Osadzone z Apel do hodowc\u00f3w drobiu.\"><\/object><a id=\"wp-block-file--media-b998f53a-7c04-4a94-91d7-04fe79323b6d\" href=\"https:\/\/nowa.gozd.pl\/wp-content\/uploads\/2025\/01\/Apel-do-hodowcow-drobiu.pdf\">Apel do hodowc\u00f3w drobiu<\/a><a href=\"https:\/\/nowa.gozd.pl\/wp-content\/uploads\/2025\/01\/Apel-do-hodowcow-drobiu.pdf\" class=\"wp-block-file__button wp-element-button\" download aria-describedby=\"wp-block-file--media-b998f53a-7c04-4a94-91d7-04fe79323b6d\">Pobierz<\/a><\/div>\n","protected":false},"excerpt":{"rendered":"<div class=\"mh-excerpt\"><p>W zwi\u0105zku z aktualn\u0105 sytuacj\u0105 epizootyczn\u0105 na terenie wojew\u00f3dztwa mazowieckiego, zwracam si\u0119 z apelem o podj\u0119cie wszelkich dzia\u0142a\u0144 maj\u0105cych na celu ochron\u0119 zdrowia stad drobiu oraz zapobieganie rozprzestrzenianiu si\u0119 chor\u00f3b zaka\u017anych. Na terenie naszego wojew\u00f3dztwa <a class=\"mh-excerpt-more\" href=\"https:\/\/nowa.gozd.pl\/?p=2527\" title=\"APEL MAZOWIECKIEGO WOJEW\u00d3DZKIEGO LEKARZA WETERYNARII DO HODOWC\u00d3W DROBIU\">[&#8230;]<\/a><\/p>\n<\/div>","protected":false},"author":1,"featured_media":2529,"comment_status":"closed","ping_status":"closed","sticky":false,"template":"template-full.php","format":"standard","meta":{"footnotes":""},"categories":[6],"tags":[],"class_list":{"0":"post-2527","1":"post","2":"type-post","3":"status-publish","4":"format-standard","5":"has-post-thumbnail","7":"category-prawe-boczne"},"_links":{"self":[{"href":"https:\/\/nowa.gozd.pl\/index.php?rest_route=\/wp\/v2\/posts\/2527","targetHints":{"allow":["GET"]}}],"collection":[{"href":"https:\/\/nowa.gozd.pl\/index.php?rest_route=\/wp\/v2\/posts"}],"about":[{"href":"https:\/\/nowa.gozd.pl\/index.php?rest_route=\/wp\/v2\/types\/post"}],"author":[{"embeddable":true,"href":"https:\/\/nowa.gozd.pl\/index.php?rest_route=\/wp\/v2\/users\/1"}],"replies":[{"embeddable":true,"href":"https:\/\/nowa.gozd.pl\/index.php?rest_route=%2Fwp%2Fv2%2Fcomments&post=2527"}],"version-history":[{"count":1,"href":"https:\/\/nowa.gozd.pl\/index.php?rest_route=\/wp\/v2\/posts\/2527\/revisions"}],"predecessor-version":[{"id":2530,"href":"https:\/\/nowa.gozd.pl\/index.php?rest_route=\/wp\/v2\/posts\/2527\/revisions\/2530"}],"wp:featuredmedia":[{"embeddable":true,"href":"https:\/\/nowa.gozd.pl\/index.php?rest_route=\/wp\/v2\/media\/2529"}],"wp:attachment":[{"href":"https:\/\/nowa.gozd.pl\/index.php?rest_route=%2Fwp%2Fv2%2Fmedia&parent=2527"}],"wp:term":[{"taxonomy":"category","embeddable":true,"href":"https:\/\/nowa.gozd.pl\/index.php?rest_route=%2Fwp%2Fv2%2Fcategories&post=2527"},{"taxonomy":"post_tag","embeddable":true,"href":"https:\/\/nowa.gozd.pl\/index.php?rest_route=%2Fwp%2Fv2%2Ftags&post=2527"}],"curies":[{"name":"wp","href":"https:\/\/api.w.org\/{rel}","templated":true}]}}