{"id":2531,"date":"2025-01-21T11:13:00","date_gmt":"2025-01-21T11:13:00","guid":{"rendered":"https:\/\/nowa.gozd.pl\/?p=2531"},"modified":"2025-01-21T11:13:00","modified_gmt":"2025-01-21T11:13:00","slug":"kwalifikacja-wojskowa-2025","status":"publish","type":"post","link":"https:\/\/nowa.gozd.pl\/?p=2531","title":{"rendered":"KWALIFIKACJA WOJSKOWA 2025"},"content":{"rendered":"\n<p>Stosownie do postanowie\u0144 Rozporz\u0105dzenia Ministra Obrony Narodowej z dnia 02 grudnia 2024 r. w sprawie przeprowadzenia kwalifikacji wojskowej w 2025 r. informujemy, i\u017c: kwalifikacja wojskowa na terytorium wojew\u00f3dztwa mazowieckiego zostanie przeprowadzona w dniach <strong>od 3 lutego do 30 kwietnia 2025 r.<\/strong><\/p>\n\n\n\n<p>Celem kwalifikacji wojskowej jest ustalenie zdolno\u015bci do czynnej s\u0142u\u017cby wojskowej os\u00f3b podlegaj\u0105cych temu obowi\u0105zkowi oraz os\u00f3b zg\u0142aszaj\u0105cych si\u0119 w trybie ochotniczym do pe\u0142nienia s\u0142u\u017cby wojskowej, kt\u00f3re uko\u0144czy\u0142y 18 rok \u017cycia.<\/p>\n\n\n\n<p>Obowi\u0105zkowi stawienia si\u0119 do kwalifikacji wojskowej w 2025 r. podlegaj\u0105:<\/p>\n\n\n\n<p>1. m\u0119\u017cczy\u017ani urodzeni w 2006 r.;<\/p>\n\n\n\n<p>2. m\u0119\u017cczy\u017ani urodzeni w latach 2001 &#8211; 2005, kt\u00f3rzy nie posiadaj\u0105 okre\u015blonej kategorii zdolno\u015bci do czynnej s\u0142u\u017cby wojskowej;<\/p>\n\n\n\n<p>3. osoby, kt\u00f3re w latach 2023 i 2024:<\/p>\n\n\n\n<p>&#8211; zosta\u0142y uznane przez powiatowe komisje lekarskie za czasowo niezdolne do s\u0142u\u017cby wojskowej ze wzgl\u0119du na stan zdrowia, je\u017celi okres tej niezdolno\u015bci up\u0142ywa przed zako\u0144czeniem kwalifikacji wojskowej,<\/p>\n\n\n\n<p>&nbsp; &#8211;&nbsp; zosta\u0142y uznane przez powiatowe komisje lekarskie za czasowo niezdolne do s\u0142u\u017cby wojskowej ze wzgl\u0119du na stan zdrowia, je\u017celi okres tej niezdolno\u015bci up\u0142ywa po zako\u0144czeniu kwalifikacji wojskowej i z\u0142o\u017cy\u0142y wniosek o zmian\u0119 kategorii zdolno\u015bci, o kt\u00f3rym mowa w art. 64 ust. 4 ustawy z dnia 11 marca 2022 r. o obronie Ojczyzny, przed dniem zako\u0144czenia kwalifikacji wojskowej;<\/p>\n\n\n\n<p>4. kobiety urodzone w latach 1998 &#8211; 2006 posiadaj\u0105ce kwalifikacje przydatne do s\u0142u\u017cby wojskowej, kt\u00f3re nie stawa\u0142y jeszcze do kwalifikacji wojskowej, oraz kobiety pobieraj\u0105ce nauk\u0119 w celu uzyskania tych kwalifikacji, kt\u00f3re w roku szkolnym lub akademickim 2024\/2025 ko\u0144cz\u0105 studia na kierunkach lub ko\u0144cz\u0105 nauk\u0119 w zawodach, o kt\u00f3rych mowa w przepisach wydanych na podstawie art. 60 ust. 7 ustawy z dnia 11 marca 2022 r. o obronie Ojczyzny;<\/p>\n\n\n\n<p>5. osoby, kt\u00f3re uko\u0144czy\u0142y 18 lat \u017cycia i zg\u0142osi\u0142y si\u0119 ochotniczo do kwalifikacji wojskowej oraz osoby o nieuregulowanym stosunku do s\u0142u\u017cby wojskowej do ko\u0144ca roku kalendarzowego, w kt\u00f3rym ko\u0144cz\u0105 60 lat \u017cycia, je\u017celi nie posiadaj\u0105 okre\u015blonej kategorii zdolno\u015bci do czynnej s\u0142u\u017cby wojskowej i zg\u0142osi\u0142y si\u0119 do kwalifikacji wojskowej.<\/p>\n\n\n\n<p>Wy\u017cej wymienione osoby podlegaj\u0105 obowi\u0105zkowi stawienia si\u0119 do kwalifikacji wojskowej przed w\u00f3jtem, powiatow\u0105 komisj\u0105 lekarsk\u0105 oraz szefem wojskowego centrum rekrutacji w terminie i miejscu okre\u015blonym w wezwaniu imiennym, a w przypadku jego braku w terminie i miejscu wskazanym w obwieszczeniu.<\/p>\n\n\n\n<p><strong>Kwalifikacja wojskowa dla os\u00f3b wymienionych w pkt 1-5 zamieszka\u0142ych w miejscu zameldowania na pobyt sta\u0142y lub czasowy trwaj\u0105cy ponad 3 miesi\u0105ce na terenie gminy G\u00f3zd przeprowadzona zostanie w siedzibie Powiatowej Komisji Lekarskiej Nr 1 w Radomiu przy ulicy T. Mazowieckiego 7 (Starostwo Powiatowe) w dniach od 01- 02 kwietnia 2025 r. r., kobiety \u2013 ( termin po ustaleniu ostatecznej liczby, podany b\u0119dzie bezzw\u0142ocznie).<\/strong><\/p>\n\n\n\n<p class=\"has-vivid-red-color has-text-color has-link-color wp-elements-d799b1433ce1c043a6c2c99f711b71b1\"><strong>Osoby wezwane do kwalifikacji wojskowej s\u0105 obowi\u0105zane zg\u0142osi\u0107 si\u0119 na wezwanie w miejscu i terminie \u015bci\u015ble okre\u015blonym w wezwaniu.<\/strong><\/p>\n\n\n\n<p class=\"has-vivid-red-color has-text-color has-link-color wp-elements-3284708adeb429b75d4ce9837c40da4f\">______________________________________<\/p>\n\n\n\n<p><strong>KLAUZULA INFORMACYJNA<\/strong> (przeprowadzenie kwalifikacji wojskowej)<\/p>\n\n\n\n<p><em>Zgodnie z art. 13 ust. 1 i 2 Rozporz\u0105dzenia Parlamentu Europejskiego i Rady (UE) 2016\/679 z dnia 27 kwietnia 2016 r. w sprawie ochrony os\u00f3b fizycznych w zwi\u0105zku przetwarzaniem danych osobowych i w sprawie swobodnego przep\u0142ywu takich danych oraz uchylenia dyrektywy 95\/46\/W \u2013og\u00f3lne rozporz\u0105dzenie o ochronie danych, informujemy, i\u017c:<\/em><\/p>\n\n\n\n<p><em>1. Administratorem Pana\/Pani danych osobowych jest W\u00f3jt Gminy G\u00f3zd z siedzib\u0105 w Urz\u0119dzie Gminy w Go\u017adzie, ul. Radomska 7 , 26-634 G\u00f3zd. Administrator \u2013 W\u00f3jt wyznaczy\u0142 inspektora ochrony danych osobowych, z kt\u00f3rym mo\u017ce si\u0119 Pani\/Pan skontaktowa\u0107 poprzez email: iod@gozd.pl lub pisemnie na adres administratora.<\/em><\/p>\n\n\n\n<p>\u2022<em> Pani\/Pana dane osobowe: imi\u0119 i nazwisko, numer ewidencyjny PESEL, miejsce urodzenia, seria\u00a0\u00a0 i numer dowodu osobistego, adres zameldowania, b\u0119d\u0105 przetwarzane na podstawie art. 6 ust. 1 lit c RODO oraz ustawy z dnia 11 marca 2022 r. o Obronie Ojczyzny (Dz. U. 2022, poz. 2305 t.j.. zm.) w celu:<\/em><\/p>\n\n\n\n<p>\u2022 <em>przeprowadzenia rejestracji dotycz\u0105cej za\u0142o\u017cenia ewidencji wojskowej oraz przeprowadzenia kwalifikacji wojskowej.<\/em><\/p>\n\n\n\n<p><em>2. Pani\/Pana dane osobowe mo\u017cemy przekazywa\u0107 i udost\u0119pnia\u0107 wy\u0142\u0105cznie podmiotom uprawnionym na podstawie obowi\u0105zuj\u0105cych przepis\u00f3w prawa, s\u0105 nimi: w\u0142a\u015bciwi dla miejsca Pani\/Pana zameldowania: Starosta, Szef Wojskowego Centrum Rekrutacji, dow\u00f3dcy jednostek wojskowych\u00a0 w zakresie niezb\u0119dnym do realizacji zada\u0144 obronnych, Komendant Wojew\u00f3dzkiego Sztabu Wojskowego, jednostki s\u0142u\u017cby zdrowia, podmioty \u015bwiadcz\u0105ce us\u0142ugi telekomunikacyjne, pocztowe, organy \u015bcigania, podatkowe, kontrolne oraz inne podmioty publiczne, gdy wyst\u0105pi\u0105 z takim \u017c\u0105daniem w oparciu o stosown\u0105 podstaw\u0119 prawn\u0105.<\/em><\/p>\n\n\n\n<p><em>3. Pani\/Pana dane osobowe mo\u017cemy tak\u017ce przekazywa\u0107 podmiotom, kt\u00f3re przetwarzaj\u0105 je na zlecenie administratora tzw. podmiotom przetwarzaj\u0105cym, s\u0105 nimi np.: podmioty \u015bwiadcz\u0105ce us\u0142ugi informatyczne i inne, jednak\u017ce przekazanie Pani\/Pana danych nast\u0105pi\u0107 mo\u017ce tylko wtedy, gdy zapewni\u0105 one odpowiedni\u0105 ochron\u0119 Pani\/Pana praw.<\/em><\/p>\n\n\n\n<p>4. <em>Pani\/Pana dane osobowe b\u0119d\u0105 przetwarzane przez okres 10 lat .<\/em><\/p>\n\n\n\n<p><em>5. Przys\u0142uguje Pani\/Panu prawo do \u017c\u0105dania od administratora dost\u0119pu do danych, mo\u017cna je sprostowa\u0107, gdy zachodzi taka konieczno\u015b\u0107. Przys\u0142uguje Pani\/Panu tak\u017ce prawo ograniczenia przetwarzania, prawo do wniesienia sprzeciwu wobec przetwarzania, a tak\u017ce prawo do przenoszenia danych.<\/em><\/p>\n\n\n\n<p><em>6. Podania Pani\/Pana danych wymaga ustawa na podstawie, kt\u00f3rej dzia\u0142a administrator.<\/em><\/p>\n\n\n\n<p><em>7. Przys\u0142uguje Pani\/Panu tak\u017ce skarga do organu nadzorczego &#8211; Prezesa Urz\u0119du Ochrony Danych Osobowych, gdy uznacie Pa\u0144stwo, i\u017c przetwarzanie Pa\u0144stwa danych osobowych narusza przepisy og\u00f3lnego rozporz\u0105dzenia o ochronie danych osobowych z dnia 27 kwietnia 2016 r.<\/em><\/p>\n\n\n\n<p><em>8. Pani\/Pana dane osobowe zosta\u0142y pozyskane z ewidencji ludno\u015bci prowadzonej przez W\u00f3jta Gminy G\u00f3zd, Ustawa z dnia 24 wrze\u015bnia 2010 r. o ewidencji ludno\u015bci (t. j. Dz. U. z 2019 r. poz. 1397).<\/em><\/p>\n\n\n\n<p><em>9. Pani \/Pana dane nie b\u0119d\u0105 przetwarzane w spos\u00f3b zautomatyzowany, w tym r\u00f3wnie\u017c w formie profilowania.<\/em><\/p>\n","protected":false},"excerpt":{"rendered":"<div class=\"mh-excerpt\"><p>Stosownie do postanowie\u0144 Rozporz\u0105dzenia Ministra Obrony Narodowej z dnia 02 grudnia 2024 r. w sprawie przeprowadzenia kwalifikacji wojskowej w 2025 r. informujemy, i\u017c: kwalifikacja wojskowa na terytorium wojew\u00f3dztwa mazowieckiego zostanie przeprowadzona w dniach od 3 <a class=\"mh-excerpt-more\" href=\"https:\/\/nowa.gozd.pl\/?p=2531\" title=\"KWALIFIKACJA WOJSKOWA 2025\">[&#8230;]<\/a><\/p>\n<\/div>","protected":false},"author":1,"featured_media":2532,"comment_status":"closed","ping_status":"closed","sticky":false,"template":"template-full.php","format":"standard","meta":{"footnotes":""},"categories":[6],"tags":[],"class_list":{"0":"post-2531","1":"post","2":"type-post","3":"status-publish","4":"format-standard","5":"has-post-thumbnail","7":"category-prawe-boczne"},"_links":{"self":[{"href":"https:\/\/nowa.gozd.pl\/index.php?rest_route=\/wp\/v2\/posts\/2531","targetHints":{"allow":["GET"]}}],"collection":[{"href":"https:\/\/nowa.gozd.pl\/index.php?rest_route=\/wp\/v2\/posts"}],"about":[{"href":"https:\/\/nowa.gozd.pl\/index.php?rest_route=\/wp\/v2\/types\/post"}],"author":[{"embeddable":true,"href":"https:\/\/nowa.gozd.pl\/index.php?rest_route=\/wp\/v2\/users\/1"}],"replies":[{"embeddable":true,"href":"https:\/\/nowa.gozd.pl\/index.php?rest_route=%2Fwp%2Fv2%2Fcomments&post=2531"}],"version-history":[{"count":1,"href":"https:\/\/nowa.gozd.pl\/index.php?rest_route=\/wp\/v2\/posts\/2531\/revisions"}],"predecessor-version":[{"id":2533,"href":"https:\/\/nowa.gozd.pl\/index.php?rest_route=\/wp\/v2\/posts\/2531\/revisions\/2533"}],"wp:featuredmedia":[{"embeddable":true,"href":"https:\/\/nowa.gozd.pl\/index.php?rest_route=\/wp\/v2\/media\/2532"}],"wp:attachment":[{"href":"https:\/\/nowa.gozd.pl\/index.php?rest_route=%2Fwp%2Fv2%2Fmedia&parent=2531"}],"wp:term":[{"taxonomy":"category","embeddable":true,"href":"https:\/\/nowa.gozd.pl\/index.php?rest_route=%2Fwp%2Fv2%2Fcategories&post=2531"},{"taxonomy":"post_tag","embeddable":true,"href":"https:\/\/nowa.gozd.pl\/index.php?rest_route=%2Fwp%2Fv2%2Ftags&post=2531"}],"curies":[{"name":"wp","href":"https:\/\/api.w.org\/{rel}","templated":true}]}}