{"id":2580,"date":"2025-01-31T12:33:29","date_gmt":"2025-01-31T12:33:29","guid":{"rendered":"https:\/\/nowa.gozd.pl\/?p=2580"},"modified":"2025-01-31T12:37:09","modified_gmt":"2025-01-31T12:37:09","slug":"obowiazkowa-segregacja-odziezy-i-tekstyliow","status":"publish","type":"post","link":"https:\/\/nowa.gozd.pl\/?p=2580","title":{"rendered":"OBOWI\u0104ZKOWA SEGREGACJA ODZIE\u017bY I TEKSTYLI\u00d3W"},"content":{"rendered":"\n<p>Z dniem 1 stycznia 2025 r. wesz\u0142a zmiana prawa nak\u0142adaj\u0105ca na gminy ustawowy obowi\u0105zek segregacji odpad\u00f3w tekstylnych i odzie\u017cy. <strong>W skr\u00f3cie oznacza to, \u017ce wszystko, co zosta\u0142o wykonane z materia\u0142\u00f3w naturalnych i sztucznych <\/strong>(odzie\u017c, bielizna, obuwie, torebki, zas\u0142ony i firany, obrusy, r\u0119czniki, po\u015bciele, prze\u015bcierad\u0142a, ko\u0142dry, koce, narzuty, szmatki itp.)<strong> nie mo\u017ce ju\u017c trafia\u0107 do pojemnika na odpady niesegregowane (zmieszane). <\/strong>Nowe przepisy maj\u0105 s\u0142u\u017cy\u0107 ograniczeniu ilo\u015bci tekstyli\u00f3w trafiaj\u0105cych na sk\u0142adowiska odpad\u00f3w, zwi\u0119kszeniu recyklingu materia\u0142\u00f3w tekstylnych, a tak\u017ce promowaniu ponownego u\u017cycia odzie\u017cy<\/p>\n\n\n\n<p>Na chwil\u0119 obecn\u0105 nie ma jeszcze na terenie gminy specjalnych pojemnik\u00f3w na odzie\u017c i tekstylia, w zwi\u0105zku z czym mieszka\u0144cy mog\u0105 dostarcza\u0107 je we w\u0142asnym zakresie do PSZOK-u znajduj\u0105cego si\u0119 przy Urz\u0119dzie Gminy. Odpady te b\u0119d\u0105 przyjmowane bezp\u0142atnie i bez limit\u00f3w.<\/p>\n\n\n\n<p>Przy okazji Urz\u0105d Gminy zach\u0119ca, aby niepotrzebnym ju\u017c tekstyliom i odzie\u017cy dawa\u0107 drugie \u017cycie. Je\u017celi s\u0105 one w dobrym stanie, mo\u017cna je przekazywa\u0107 w ramach zbi\u00f3rek organizowanych przez PCK, czy organizacje charytatywne.<\/p>\n\n\n\n<p>Nowe obowi\u0105zki dotycz\u0105ce odzie\u017cy wynikaj\u0105 z:<\/p>\n\n\n\n<ul class=\"wp-block-list\">\n<li>Dyrektywy Parlamentu Europejskiego i Rady (UE) 2018\/851 z 30 maja 2018 r. zmieniaj\u0105cej dyrektyw\u0119 20085\/98\/WE w sprawie odpad\u00f3w,<\/li>\n\n\n\n<li>Art. 14 ustawy z dnia 19 lipca 2019 r. o zmianie ustawy o utrzymaniu czysto\u015bci i porz\u0105dku w gminach oraz innych ustaw (Dz.U. poz. 1579)<\/li>\n<\/ul>\n\n\n\n<p>Wi\u0119cej informacji na stronie Ministerstwa Klimatu i \u015arodowiska <a href=\"http:\/\/www.gov.pl\/web\/klimat\/tekstylia\">http:\/\/www.gov.pl\/web\/klimat\/tekstylia<\/a><\/p>\n","protected":false},"excerpt":{"rendered":"<div class=\"mh-excerpt\"><p>Z dniem 1 stycznia 2025 r. wesz\u0142a zmiana prawa nak\u0142adaj\u0105ca na gminy ustawowy obowi\u0105zek segregacji odpad\u00f3w tekstylnych i odzie\u017cy. W skr\u00f3cie oznacza to, \u017ce wszystko, co zosta\u0142o wykonane z materia\u0142\u00f3w naturalnych i sztucznych (odzie\u017c, bielizna, <a class=\"mh-excerpt-more\" href=\"https:\/\/nowa.gozd.pl\/?p=2580\" title=\"OBOWI\u0104ZKOWA SEGREGACJA ODZIE\u017bY I TEKSTYLI\u00d3W\">[&#8230;]<\/a><\/p>\n<\/div>","protected":false},"author":1,"featured_media":2581,"comment_status":"closed","ping_status":"closed","sticky":false,"template":"template-full.php","format":"standard","meta":{"footnotes":""},"categories":[6],"tags":[],"class_list":{"0":"post-2580","1":"post","2":"type-post","3":"status-publish","4":"format-standard","5":"has-post-thumbnail","7":"category-prawe-boczne"},"_links":{"self":[{"href":"https:\/\/nowa.gozd.pl\/index.php?rest_route=\/wp\/v2\/posts\/2580","targetHints":{"allow":["GET"]}}],"collection":[{"href":"https:\/\/nowa.gozd.pl\/index.php?rest_route=\/wp\/v2\/posts"}],"about":[{"href":"https:\/\/nowa.gozd.pl\/index.php?rest_route=\/wp\/v2\/types\/post"}],"author":[{"embeddable":true,"href":"https:\/\/nowa.gozd.pl\/index.php?rest_route=\/wp\/v2\/users\/1"}],"replies":[{"embeddable":true,"href":"https:\/\/nowa.gozd.pl\/index.php?rest_route=%2Fwp%2Fv2%2Fcomments&post=2580"}],"version-history":[{"count":3,"href":"https:\/\/nowa.gozd.pl\/index.php?rest_route=\/wp\/v2\/posts\/2580\/revisions"}],"predecessor-version":[{"id":2585,"href":"https:\/\/nowa.gozd.pl\/index.php?rest_route=\/wp\/v2\/posts\/2580\/revisions\/2585"}],"wp:featuredmedia":[{"embeddable":true,"href":"https:\/\/nowa.gozd.pl\/index.php?rest_route=\/wp\/v2\/media\/2581"}],"wp:attachment":[{"href":"https:\/\/nowa.gozd.pl\/index.php?rest_route=%2Fwp%2Fv2%2Fmedia&parent=2580"}],"wp:term":[{"taxonomy":"category","embeddable":true,"href":"https:\/\/nowa.gozd.pl\/index.php?rest_route=%2Fwp%2Fv2%2Fcategories&post=2580"},{"taxonomy":"post_tag","embeddable":true,"href":"https:\/\/nowa.gozd.pl\/index.php?rest_route=%2Fwp%2Fv2%2Ftags&post=2580"}],"curies":[{"name":"wp","href":"https:\/\/api.w.org\/{rel}","templated":true}]}}