{"id":2600,"date":"2025-02-20T12:37:09","date_gmt":"2025-02-20T12:37:09","guid":{"rendered":"https:\/\/nowa.gozd.pl\/?p=2600"},"modified":"2025-02-20T12:38:35","modified_gmt":"2025-02-20T12:38:35","slug":"w-walce-o-zdrowie-charytatywna-zbiorka-elektrosmieci-dla-stasia-zielinskiego","status":"publish","type":"post","link":"https:\/\/nowa.gozd.pl\/?p=2600","title":{"rendered":"W WALCE O ZDROWIE"},"content":{"rendered":"\n<p>Spalona suszarka, stary komputer, uszkodzony telefon. Dla jednych \u015bmieci, dla innych \u2026 szansa na zdrowie. Od 3 marca w gminie G\u00f3zd b\u0119dzie prowadzona zbi\u00f3rka elektrycznych \u015bmieci, z kt\u00f3rej doch\u00f3d zostanie przeznaczony na leczenie 4-letniego Stasia. Ch\u0142opiec zmaga si\u0119 z Dystrofi\u0105 Mi\u0119\u015bniow\u0105 Duchenne\u2019a.<\/p>\n\n\n\n<p><strong>Zbi\u00f3rka pe\u0142na pomocy<\/strong><\/p>\n\n\n\n<p>Mieszka\u0144cy gminy G\u00f3zd i okolic b\u0119d\u0105 mogli oddawa\u0107 zu\u017cyty sprz\u0119t elektryczny i elektroniczny <strong>od 3 do 7 marca, w godzinach 8 &#8211; 15.<\/strong> Kontenery zlokalizowane b\u0119d\u0105 obok Urz\u0119du Gminy w Go\u017adzie, przy ul. Radomskiej 7. Doch\u00f3d ze zbi\u00f3rki zostanie przekazany na leczenie Stasia Zieli\u0144skiego.<\/p>\n\n\n\n<p>\u201eSta\u015b cierpi na rzadk\u0105 chorob\u0119 genetyczn\u0105 jak\u0105 jest Dystrofia Mi\u0119\u015bniowa Duchenne\u2019a, czyli zanik mi\u0119\u015bni. Post\u0119p choroby mo\u017ce zatrzyma\u0107 leczenie dost\u0119pne w Stanach Zjednoczonych. Niestety koszt terapii genowej to oko\u0142o 16 milion\u00f3w z\u0142otych. Potrzeba jest ogromna, dlatego prosimy Pa\u0144stwa o wsparcie.\u201d \u2013 m\u00f3wi mama Stasia, Ewelina Zieli\u0144ska.<\/p>\n\n\n\n<p><strong>Wyprawa po zdrowie<\/strong><\/p>\n\n\n\n<p>Mieszka\u0144cy gminy G\u00f3zd i okolic b\u0119d\u0105 mogli pozby\u0107 si\u0119 wielkogabarytowego sprz\u0119tu RTV i AGD, czyli pralek, kuchenek, lod\u00f3wek i telewizor\u00f3w. Przyjmowany b\u0119dzie r\u00f3wnie\u017c mniejszy sprz\u0119t elektryczny i elektroniczny. Elektroodpady trafi\u0105 do profesjonalnych zak\u0142ad\u00f3w przetwarzania, a \u015brodki z akcji pomog\u0105 sfinansowa\u0107 leczenie Stasia w Stanach Zjednoczonych.<\/p>\n\n\n\n<p>\u201eZach\u0119cam do wsparcia charytatywnej zbi\u00f3rki i pokazania Stasiowi, \u017ce nie jest sam. Na leczenie potrzeba oko\u0142o 16 milion\u00f3w z\u0142otych, dlatego ka\u017cdy kilogram elektrycznych \u015bmieci b\u0119dzie mia\u0142 ogromne znaczenie. Udzia\u0142 w akcji to nie tylko wsparcie dla chorego ch\u0142opca, ale r\u00f3wnie\u017c dla naszego ekosystemu.\u201d \u2013 m\u00f3wi Katarzyna Sieradzka z Fundacji Odzyskaj \u015arodowisko.<\/p>\n\n\n\n<p>Organizatorami zbi\u00f3rki s\u0105 Fundacja Odzyskaj \u015arodowisko, MB Recycling, Gmina G\u00f3zd, Fundacja Siepomaga oraz mama Stasia \u2013 Ewelina Zieli\u0144ska.<\/p>\n\n\n\n<figure class=\"wp-block-image size-full\"><img loading=\"lazy\" decoding=\"async\" width=\"666\" height=\"416\" src=\"https:\/\/nowa.gozd.pl\/wp-content\/uploads\/2025\/02\/Stas-Zielinski-3.jpg\" alt=\"\" class=\"wp-image-2601\" srcset=\"https:\/\/nowa.gozd.pl\/wp-content\/uploads\/2025\/02\/Stas-Zielinski-3.jpg 666w, https:\/\/nowa.gozd.pl\/wp-content\/uploads\/2025\/02\/Stas-Zielinski-3-300x187.jpg 300w\" sizes=\"auto, (max-width: 666px) 100vw, 666px\" \/><\/figure>\n","protected":false},"excerpt":{"rendered":"<div class=\"mh-excerpt\"><p>Spalona suszarka, stary komputer, uszkodzony telefon. Dla jednych \u015bmieci, dla innych \u2026 szansa na zdrowie. Od 3 marca w gminie G\u00f3zd b\u0119dzie prowadzona zbi\u00f3rka elektrycznych \u015bmieci, z kt\u00f3rej doch\u00f3d zostanie przeznaczony na leczenie 4-letniego Stasia. <a class=\"mh-excerpt-more\" href=\"https:\/\/nowa.gozd.pl\/?p=2600\" title=\"W WALCE O ZDROWIE\">[&#8230;]<\/a><\/p>\n<\/div>","protected":false},"author":1,"featured_media":2602,"comment_status":"closed","ping_status":"closed","sticky":false,"template":"template-full.php","format":"standard","meta":{"footnotes":""},"categories":[6],"tags":[],"class_list":{"0":"post-2600","1":"post","2":"type-post","3":"status-publish","4":"format-standard","5":"has-post-thumbnail","7":"category-prawe-boczne"},"_links":{"self":[{"href":"https:\/\/nowa.gozd.pl\/index.php?rest_route=\/wp\/v2\/posts\/2600","targetHints":{"allow":["GET"]}}],"collection":[{"href":"https:\/\/nowa.gozd.pl\/index.php?rest_route=\/wp\/v2\/posts"}],"about":[{"href":"https:\/\/nowa.gozd.pl\/index.php?rest_route=\/wp\/v2\/types\/post"}],"author":[{"embeddable":true,"href":"https:\/\/nowa.gozd.pl\/index.php?rest_route=\/wp\/v2\/users\/1"}],"replies":[{"embeddable":true,"href":"https:\/\/nowa.gozd.pl\/index.php?rest_route=%2Fwp%2Fv2%2Fcomments&post=2600"}],"version-history":[{"count":3,"href":"https:\/\/nowa.gozd.pl\/index.php?rest_route=\/wp\/v2\/posts\/2600\/revisions"}],"predecessor-version":[{"id":2605,"href":"https:\/\/nowa.gozd.pl\/index.php?rest_route=\/wp\/v2\/posts\/2600\/revisions\/2605"}],"wp:featuredmedia":[{"embeddable":true,"href":"https:\/\/nowa.gozd.pl\/index.php?rest_route=\/wp\/v2\/media\/2602"}],"wp:attachment":[{"href":"https:\/\/nowa.gozd.pl\/index.php?rest_route=%2Fwp%2Fv2%2Fmedia&parent=2600"}],"wp:term":[{"taxonomy":"category","embeddable":true,"href":"https:\/\/nowa.gozd.pl\/index.php?rest_route=%2Fwp%2Fv2%2Fcategories&post=2600"},{"taxonomy":"post_tag","embeddable":true,"href":"https:\/\/nowa.gozd.pl\/index.php?rest_route=%2Fwp%2Fv2%2Ftags&post=2600"}],"curies":[{"name":"wp","href":"https:\/\/api.w.org\/{rel}","templated":true}]}}