{"id":2615,"date":"2025-03-01T06:48:00","date_gmt":"2025-03-01T06:48:00","guid":{"rendered":"https:\/\/nowa.gozd.pl\/?p=2615"},"modified":"2025-03-01T07:51:37","modified_gmt":"2025-03-01T07:51:37","slug":"czesc-i-chwala-bohaterom","status":"publish","type":"post","link":"https:\/\/nowa.gozd.pl\/?p=2615","title":{"rendered":"CZE\u015a\u0106 I CHWA\u0141A BOHATEROM!"},"content":{"rendered":"\n<p><\/p>\n\n\n\n<p>\u201e\u017bo\u0142nierze Wykl\u0119ci\u201d to \u017co\u0142nierze powojennego podziemia antykomunistycznego, kt\u00f3rzy przeciwstawiali si\u0119 narzuconemu si\u0142\u0105 re\u017cimowi komunistycznemu. Termin ten obejmuje niejednorodn\u0105 grup\u0119 \u2013 od ma\u0142ych organizacji uczniowskich, przez podziemne dru\u017cyny harcerskie, lokalne grupy zbrojne, a\u017c po og\u00f3lnopolskie organizacje polityczne i wojskowe. W propagandzie Polski Ludowej \u201e\u017bo\u0142nierze Wykl\u0119ci\u201d byli okre\u015blani mianem \u201ebandyt\u00f3w reakcyjnego podziemia\u201d i \u201ewrog\u00f3w ludu\u201d.<\/p>\n\n\n\n<p>\u201e\u017bo\u0142nierze Wykl\u0119ci\u201d byli najliczniejsz\u0105 w Europie antykomunistyczn\u0105 konspiracj\u0105 zbrojn\u0105. Dzia\u0142ali na terenie ca\u0142ej Polski, w tym tak\u017ce na Kresach Wschodnich.<\/p>\n\n\n\n<p>Przyjmuje si\u0119, \u017ce w latach 1944-1963 przez antykomunistyczn\u0105 konspiracj\u0119 przewin\u0119\u0142o si\u0119 do 300 tys. os\u00f3b. Podawane s\u0105 te\u017c inne szacunki, kt\u00f3re wskazuj\u0105, \u017ce w okresie 1944-1956 przez wszystkie organizacje podziemia antykomunistycznego (grupy o charakterze zbrojnym, organizacje cywilne o charakterze antykomunistycznym) przewin\u0119\u0142o si\u0119 ok. 120 tys. os\u00f3b, a w samych oddzia\u0142ach bojowych walczy\u0142o ok. 20-25 tys. os\u00f3b.<\/p>\n\n\n\n<p><\/p>\n","protected":false},"excerpt":{"rendered":"<div class=\"mh-excerpt\"><p>\u201e\u017bo\u0142nierze Wykl\u0119ci\u201d to \u017co\u0142nierze powojennego podziemia antykomunistycznego, kt\u00f3rzy przeciwstawiali si\u0119 narzuconemu si\u0142\u0105 re\u017cimowi komunistycznemu. Termin ten obejmuje niejednorodn\u0105 grup\u0119 \u2013 od ma\u0142ych organizacji uczniowskich, przez podziemne dru\u017cyny harcerskie, lokalne grupy zbrojne, a\u017c po og\u00f3lnopolskie organizacje <a class=\"mh-excerpt-more\" href=\"https:\/\/nowa.gozd.pl\/?p=2615\" title=\"CZE\u015a\u0106 I CHWA\u0141A BOHATEROM!\">[&#8230;]<\/a><\/p>\n<\/div>","protected":false},"author":1,"featured_media":2616,"comment_status":"closed","ping_status":"closed","sticky":false,"template":"template-full.php","format":"standard","meta":{"footnotes":""},"categories":[6],"tags":[],"class_list":{"0":"post-2615","1":"post","2":"type-post","3":"status-publish","4":"format-standard","5":"has-post-thumbnail","7":"category-prawe-boczne"},"_links":{"self":[{"href":"https:\/\/nowa.gozd.pl\/index.php?rest_route=\/wp\/v2\/posts\/2615","targetHints":{"allow":["GET"]}}],"collection":[{"href":"https:\/\/nowa.gozd.pl\/index.php?rest_route=\/wp\/v2\/posts"}],"about":[{"href":"https:\/\/nowa.gozd.pl\/index.php?rest_route=\/wp\/v2\/types\/post"}],"author":[{"embeddable":true,"href":"https:\/\/nowa.gozd.pl\/index.php?rest_route=\/wp\/v2\/users\/1"}],"replies":[{"embeddable":true,"href":"https:\/\/nowa.gozd.pl\/index.php?rest_route=%2Fwp%2Fv2%2Fcomments&post=2615"}],"version-history":[{"count":1,"href":"https:\/\/nowa.gozd.pl\/index.php?rest_route=\/wp\/v2\/posts\/2615\/revisions"}],"predecessor-version":[{"id":2617,"href":"https:\/\/nowa.gozd.pl\/index.php?rest_route=\/wp\/v2\/posts\/2615\/revisions\/2617"}],"wp:featuredmedia":[{"embeddable":true,"href":"https:\/\/nowa.gozd.pl\/index.php?rest_route=\/wp\/v2\/media\/2616"}],"wp:attachment":[{"href":"https:\/\/nowa.gozd.pl\/index.php?rest_route=%2Fwp%2Fv2%2Fmedia&parent=2615"}],"wp:term":[{"taxonomy":"category","embeddable":true,"href":"https:\/\/nowa.gozd.pl\/index.php?rest_route=%2Fwp%2Fv2%2Fcategories&post=2615"},{"taxonomy":"post_tag","embeddable":true,"href":"https:\/\/nowa.gozd.pl\/index.php?rest_route=%2Fwp%2Fv2%2Ftags&post=2615"}],"curies":[{"name":"wp","href":"https:\/\/api.w.org\/{rel}","templated":true}]}}