{"id":2632,"date":"2025-03-07T13:07:17","date_gmt":"2025-03-07T13:07:17","guid":{"rendered":"https:\/\/nowa.gozd.pl\/?p=2632"},"modified":"2025-03-07T13:07:17","modified_gmt":"2025-03-07T13:07:17","slug":"zadbaj-o-row-melioracyjny-to-twoj-obowiazek","status":"publish","type":"post","link":"https:\/\/nowa.gozd.pl\/?p=2632","title":{"rendered":"ZADBAJ O R\u00d3W MELIORACYJNY. TO TW\u00d3J OBOWI\u0104ZEK"},"content":{"rendered":"\n<p>Zbli\u017ca si\u0119 wiosna, a z ni\u0105 roztopy powoduj\u0105ce zalewanie grunt\u00f3w i lokalne podtopienia. W zwi\u0105zku z tym Urz\u0105d Gminy <strong>apeluje i prosi wszystkich w\u0142a\u015bcicieli, u\u017cytkownik\u00f3w i zarz\u0105dc\u00f3w, w tym r\u00f3wnie\u017c dzier\u017cawc\u00f3w, grunt\u00f3w oraz nieruchomo\u015bci, na kt\u00f3rych usytuowane s\u0105 urz\u0105dzenia melioracji wodnych<br>o wykonywanie obowi\u0105zku ich konserwacji i bie\u017c\u0105cym utrzymaniu w stanie umo\u017cliwiaj\u0105cym swobodny przep\u0142yw w\u00f3d<\/strong>.<\/p>\n\n\n\n<p><a>Obowi\u0105zek utrzymywania we w\u0142a\u015bciwym stanie row\u00f3w melioracyjnych <\/a>i drenowania wynika wprost z art. 188 ustawy z dnia 20 lipca 2017 r. \u2013 Prawo wodne (t.j. Dz. U. z 2024 r., poz. 1087) i dotyczy w\u0142a\u015bcicieli i u\u017cytkownik\u00f3w grunt\u00f3w, na kt\u00f3rych te urz\u0105dzenia si\u0119 znajduj\u0105. Do urz\u0105dze\u0144 melioracji wodnych szczeg\u00f3\u0142owych zalicza si\u0119 rowy melioracyjne o szeroko\u015bci dna przy uj\u015bciu mniejszej ni\u017c 1,5 m oraz ruroci\u0105gi drenarskie. Na zakres rob\u00f3t zwi\u0105zanych z utrzymaniem row\u00f3w i drena\u017cu sk\u0142ada si\u0119 g\u0142\u00f3wnie:<\/p>\n\n\n\n<p>\u2013 wykaszanie ro\u015blinno\u015bci ze skarp i dna rowu;<\/p>\n\n\n\n<p>\u2013 wycinka drzew i krzew\u00f3w ze skarp i dna row\u00f3w po uzyskaniu zgody w\u00f3jta gminy;<\/p>\n\n\n\n<p>\u2013 wybieranie namu\u0142u z dna row\u00f3w oraz usuwanie przetamowa\u0144;<\/p>\n\n\n\n<p>\u2013 naprawa uszkodzonych skarp i dna row\u00f3w;<\/p>\n\n\n\n<p>\u2013 ochrona row\u00f3w przed pas\u0105cymi si\u0119 zwierz\u0119tami;<\/p>\n\n\n\n<p>\u2013 odmulanie studzienek drenarskich i ich naprawa;<\/p>\n\n\n\n<p>\u2013 bie\u017c\u0105ca naprawa wylot\u00f3w drenarskich;<\/p>\n\n\n\n<p>Wa\u017cne jest, aby konserwacja urz\u0105dze\u0144 melioracyjnych by\u0142a dokonywana na ca\u0142ej d\u0142ugo\u015bci. Konserwacja odcinka rowu melioracyjnego po\u0142o\u017conego wy\u017cej nie spowoduje sp\u0142ywu w\u00f3d w sytuacji, gdy dolny odcinek nie b\u0119dzie zapewnia\u0142 odp\u0142ywu. Szczeg\u00f3lnie istotne jest zapewnienie w\u0142a\u015bciwego utrzymania (funkcjonowania) dolnych (ko\u0144cowych) odcink\u00f3w row\u00f3w i ruroci\u0105g\u00f3w drenarskich.<\/p>\n\n\n\n<p><strong>Bytowanie bobr\u00f3w<\/strong> na naszych terenach i ich dzia\u0142alno\u015b\u0107 na rowach melioracyjnych stanowi ju\u017c powa\u017cny problem dla rolnik\u00f3w, kt\u00f3rzy musz\u0105 si\u0119 zmaga\u0107 ze szkodami jakie wyrz\u0105dzaj\u0105 bobry. Tamy bobrowe zatrzymuj\u0105 wod\u0119 w rowach, powoduj\u0105c zalewanie grunt\u00f3w. Jednak\u017ce nale\u017cy pami\u0119ta\u0107, \u017ce kilka ga\u0142\u0119zi czy pie\u0144 drzewa to nie jest jeszcze tama i mo\u017cna je usun\u0105\u0107. Wszelkie rowy, na terenie gdzie wyst\u0119puj\u0105 bobry, nale\u017cy stale udra\u017cnia\u0107 m.in. poprzez usuwanie wszelkiego \u201emateria\u0142u budowlanego\u201d (poprzez wycink\u0119 drzew i krzew\u00f3w z row\u00f3w i teren\u00f3w przyleg\u0142ych). Brak materia\u0142u budowlanego uniemo\u017cliwi budowanie tam. Je\u017celi jednak powstanie ju\u017c tama bobrowa nale\u017cy zwr\u00f3ci\u0107 si\u0119 do <strong>Regionalnej Dyrekcji Ochrony \u015arodowiska Wydzia\u0142 Spraw Terenowych w Radomiu ul. 25 Czerwca 68 (tel. 48 360-08-60)<\/strong> o zgod\u0119 na jej rozbi\u00f3rk\u0119. W przypadku <strong>wyst\u0105pienia szk\u00f3d bobrowych<\/strong> (zalane u\u017cytki, zniszczone drzewa itp.) mo\u017cna wyst\u0105pi\u0107 do ww. instytucji o wyp\u0142acenie odszkodowania.<\/p>\n","protected":false},"excerpt":{"rendered":"<div class=\"mh-excerpt\"><p>Zbli\u017ca si\u0119 wiosna, a z ni\u0105 roztopy powoduj\u0105ce zalewanie grunt\u00f3w i lokalne podtopienia. W zwi\u0105zku z tym Urz\u0105d Gminy apeluje i prosi wszystkich w\u0142a\u015bcicieli, u\u017cytkownik\u00f3w i zarz\u0105dc\u00f3w, w tym r\u00f3wnie\u017c dzier\u017cawc\u00f3w, grunt\u00f3w oraz nieruchomo\u015bci, na <a class=\"mh-excerpt-more\" href=\"https:\/\/nowa.gozd.pl\/?p=2632\" title=\"ZADBAJ O R\u00d3W MELIORACYJNY. TO TW\u00d3J OBOWI\u0104ZEK\">[&#8230;]<\/a><\/p>\n<\/div>","protected":false},"author":1,"featured_media":2633,"comment_status":"closed","ping_status":"closed","sticky":false,"template":"template-full.php","format":"standard","meta":{"footnotes":""},"categories":[6],"tags":[],"class_list":{"0":"post-2632","1":"post","2":"type-post","3":"status-publish","4":"format-standard","5":"has-post-thumbnail","7":"category-prawe-boczne"},"_links":{"self":[{"href":"https:\/\/nowa.gozd.pl\/index.php?rest_route=\/wp\/v2\/posts\/2632","targetHints":{"allow":["GET"]}}],"collection":[{"href":"https:\/\/nowa.gozd.pl\/index.php?rest_route=\/wp\/v2\/posts"}],"about":[{"href":"https:\/\/nowa.gozd.pl\/index.php?rest_route=\/wp\/v2\/types\/post"}],"author":[{"embeddable":true,"href":"https:\/\/nowa.gozd.pl\/index.php?rest_route=\/wp\/v2\/users\/1"}],"replies":[{"embeddable":true,"href":"https:\/\/nowa.gozd.pl\/index.php?rest_route=%2Fwp%2Fv2%2Fcomments&post=2632"}],"version-history":[{"count":1,"href":"https:\/\/nowa.gozd.pl\/index.php?rest_route=\/wp\/v2\/posts\/2632\/revisions"}],"predecessor-version":[{"id":2634,"href":"https:\/\/nowa.gozd.pl\/index.php?rest_route=\/wp\/v2\/posts\/2632\/revisions\/2634"}],"wp:featuredmedia":[{"embeddable":true,"href":"https:\/\/nowa.gozd.pl\/index.php?rest_route=\/wp\/v2\/media\/2633"}],"wp:attachment":[{"href":"https:\/\/nowa.gozd.pl\/index.php?rest_route=%2Fwp%2Fv2%2Fmedia&parent=2632"}],"wp:term":[{"taxonomy":"category","embeddable":true,"href":"https:\/\/nowa.gozd.pl\/index.php?rest_route=%2Fwp%2Fv2%2Fcategories&post=2632"},{"taxonomy":"post_tag","embeddable":true,"href":"https:\/\/nowa.gozd.pl\/index.php?rest_route=%2Fwp%2Fv2%2Ftags&post=2632"}],"curies":[{"name":"wp","href":"https:\/\/api.w.org\/{rel}","templated":true}]}}