{"id":2703,"date":"2025-03-24T14:16:55","date_gmt":"2025-03-24T14:16:55","guid":{"rendered":"https:\/\/nowa.gozd.pl\/?p=2703"},"modified":"2025-03-24T14:16:56","modified_gmt":"2025-03-24T14:16:56","slug":"komunikat","status":"publish","type":"post","link":"https:\/\/nowa.gozd.pl\/?p=2703","title":{"rendered":"KOMUNIKAT"},"content":{"rendered":"\n<p>Mazowiecki Wojew\u00f3dzki Lekarz Weterynarii informuje, \u017ce w dniach 27 marca \u2013 2 kwietnia 2025 r. planowane jest przeprowadzanie akcji szczepienia lis\u00f3w wolno \u017cyj\u0105cych <a><\/a>przeciwko w\u015bciekli\u017anie.<\/p>\n\n\n\n<p>Szczepienie lis\u00f3w b\u0119dzie wykonane za pomoc\u0105 przyn\u0119t zawieraj\u0105cych szczepionk\u0119 doustn\u0105, kt\u00f3ra zostanie zrzucona z samolot\u00f3w oraz wy\u0142o\u017cona r\u0119cznie. Szczepionka jest dopuszczona tylko do szczepienia lis\u00f3w. Dla innych zwierz\u0105t nie ma ukierunkowanego dzia\u0142ania przeciw w\u015bciekli\u017anie.<\/p>\n\n\n\n<p>W okresie wykonywania szczepie\u0144 zaleca si\u0119:<\/p>\n\n\n\n<p>&#8211; nie wypuszcza\u0107 bez opieki ps\u00f3w i kot\u00f3w, a w czasie spacer\u00f3w psy prowadzi\u0107 na smyczy i w kaga\u0144cu,\\<\/p>\n\n\n\n<p>&#8211; kontakt zwierz\u0105t domowych oraz gospodarskich ze szczepionk\u0105 nale\u017cy zg\u0142osi\u0107 do najbli\u017cszego lekarza weterynarii,<\/p>\n\n\n\n<p>&#8211; nie dotyka\u0107, nie podnosi\u0107, a tym bardziej nie roz\u0142amywa\u0107 przyn\u0119ty, gdy\u017c znajduj\u0105ca si\u0119 wewn\u0105trz szczepionka jest w stanie p\u0142ynnym i mo\u017ce dosta\u0107 si\u0119 do organizmu poprzez skaleczenia na r\u0119kach, spoj\u00f3wk\u0119 oka lub b\u0142on\u0119 \u015bluzow\u0105 jamy ustnej i nosa.<\/p>\n\n\n\n<p>W razie kontaktu cz\u0142owieka z p\u0142ynn\u0105 zawarto\u015bci\u0105 szczepionki nale\u017cy natychmiast przemy\u0107 sk\u00f3r\u0119 wod\u0105 i myd\u0142em oraz niezw\u0142ocznie zg\u0142osi\u0107 do lekarza medycyny.<\/p>\n\n\n\n<p>Przyn\u0119ty, kt\u00f3re by\u0142y dotykane przez ludzi s\u0105 omijane przez lisa.<\/p>\n\n\n\n<figure class=\"wp-block-image size-large\"><img loading=\"lazy\" decoding=\"async\" width=\"724\" height=\"1024\" src=\"https:\/\/nowa.gozd.pl\/wp-content\/uploads\/2025\/03\/Szczepienie-lisow-1-724x1024.jpg\" alt=\"\" class=\"wp-image-2705\" srcset=\"https:\/\/nowa.gozd.pl\/wp-content\/uploads\/2025\/03\/Szczepienie-lisow-1-724x1024.jpg 724w, https:\/\/nowa.gozd.pl\/wp-content\/uploads\/2025\/03\/Szczepienie-lisow-1-212x300.jpg 212w, https:\/\/nowa.gozd.pl\/wp-content\/uploads\/2025\/03\/Szczepienie-lisow-1-768x1086.jpg 768w, https:\/\/nowa.gozd.pl\/wp-content\/uploads\/2025\/03\/Szczepienie-lisow-1-1086x1536.jpg 1086w, https:\/\/nowa.gozd.pl\/wp-content\/uploads\/2025\/03\/Szczepienie-lisow-1-1448x2048.jpg 1448w, https:\/\/nowa.gozd.pl\/wp-content\/uploads\/2025\/03\/Szczepienie-lisow-1-scaled.jpg 1810w\" sizes=\"auto, (max-width: 724px) 100vw, 724px\" \/><\/figure>\n","protected":false},"excerpt":{"rendered":"<div class=\"mh-excerpt\"><p>Mazowiecki Wojew\u00f3dzki Lekarz Weterynarii informuje, \u017ce w dniach 27 marca \u2013 2 kwietnia 2025 r. planowane jest przeprowadzanie akcji szczepienia lis\u00f3w wolno \u017cyj\u0105cych przeciwko w\u015bciekli\u017anie. Szczepienie lis\u00f3w b\u0119dzie wykonane za pomoc\u0105 przyn\u0119t zawieraj\u0105cych szczepionk\u0119 doustn\u0105, <a class=\"mh-excerpt-more\" href=\"https:\/\/nowa.gozd.pl\/?p=2703\" title=\"KOMUNIKAT\">[&#8230;]<\/a><\/p>\n<\/div>","protected":false},"author":1,"featured_media":2706,"comment_status":"closed","ping_status":"closed","sticky":false,"template":"template-full.php","format":"standard","meta":{"footnotes":""},"categories":[6],"tags":[],"class_list":{"0":"post-2703","1":"post","2":"type-post","3":"status-publish","4":"format-standard","5":"has-post-thumbnail","7":"category-prawe-boczne"},"_links":{"self":[{"href":"https:\/\/nowa.gozd.pl\/index.php?rest_route=\/wp\/v2\/posts\/2703","targetHints":{"allow":["GET"]}}],"collection":[{"href":"https:\/\/nowa.gozd.pl\/index.php?rest_route=\/wp\/v2\/posts"}],"about":[{"href":"https:\/\/nowa.gozd.pl\/index.php?rest_route=\/wp\/v2\/types\/post"}],"author":[{"embeddable":true,"href":"https:\/\/nowa.gozd.pl\/index.php?rest_route=\/wp\/v2\/users\/1"}],"replies":[{"embeddable":true,"href":"https:\/\/nowa.gozd.pl\/index.php?rest_route=%2Fwp%2Fv2%2Fcomments&post=2703"}],"version-history":[{"count":1,"href":"https:\/\/nowa.gozd.pl\/index.php?rest_route=\/wp\/v2\/posts\/2703\/revisions"}],"predecessor-version":[{"id":2707,"href":"https:\/\/nowa.gozd.pl\/index.php?rest_route=\/wp\/v2\/posts\/2703\/revisions\/2707"}],"wp:featuredmedia":[{"embeddable":true,"href":"https:\/\/nowa.gozd.pl\/index.php?rest_route=\/wp\/v2\/media\/2706"}],"wp:attachment":[{"href":"https:\/\/nowa.gozd.pl\/index.php?rest_route=%2Fwp%2Fv2%2Fmedia&parent=2703"}],"wp:term":[{"taxonomy":"category","embeddable":true,"href":"https:\/\/nowa.gozd.pl\/index.php?rest_route=%2Fwp%2Fv2%2Fcategories&post=2703"},{"taxonomy":"post_tag","embeddable":true,"href":"https:\/\/nowa.gozd.pl\/index.php?rest_route=%2Fwp%2Fv2%2Ftags&post=2703"}],"curies":[{"name":"wp","href":"https:\/\/api.w.org\/{rel}","templated":true}]}}