{"id":2708,"date":"2025-03-24T14:19:30","date_gmt":"2025-03-24T14:19:30","guid":{"rendered":"https:\/\/nowa.gozd.pl\/?p=2708"},"modified":"2025-03-24T14:23:48","modified_gmt":"2025-03-24T14:23:48","slug":"sesja-zwyczajna-rady-gminy-gozd-5","status":"publish","type":"post","link":"https:\/\/nowa.gozd.pl\/?p=2708","title":{"rendered":"SESJA ZWYCZAJNA RADY GMINY G\u00d3ZD"},"content":{"rendered":"\n<p>Przewodnicz\u0105cy Rady Gminy G\u00f3zd pan Jan Wasiak zawiadamia, \u017ce <strong>31<\/strong> <strong>marca 2025 r. (poniedzia\u0142ek) o godz. 10:00<\/strong> w siedzibie Urz\u0119du Gminy (sala nr 105) odb\u0119dzie si\u0119 sesja zwyczajna Rady Gminy G\u00f3zd z nast\u0119puj\u0105cym porz\u0105dkiem:<\/p>\n\n\n\n<p>1. Otwarcie sesji.<\/p>\n\n\n\n<p>2. Przyj\u0119cie porz\u0105dku obrad.<\/p>\n\n\n\n<p>3. Przyj\u0119cie protoko\u0142u z poprzedniej sesji.<\/p>\n\n\n\n<p>4. Informacja W\u00f3jta o pracy mi\u0119dzy sesjami, w tym:<\/p>\n\n\n\n<ol style=\"list-style-type:lower-alpha\" class=\"wp-block-list\">\n<li>odczytanie Uchwa\u0142y Regionalnej Izby Obrachunkowej w Warszawie w sprawie opinii o mo\u017cliwo\u015bci sfinansowania planowanego deficytu okre\u015blonego w Uchwale Bud\u017cetowej Gminy G\u00f3zd na rok 2025,<\/li>\n\n\n\n<li>odczytanie Uchwa\u0142y Regionalnej Izby Obrachunkowej w Warszawie w sprawie opinii o prawid\u0142owo\u015bci planowanej kwoty d\u0142ugu Gminy G\u00f3zd.<\/li>\n<\/ol>\n\n\n\n<p>5. Zapytania i wnioski radnych.<\/p>\n\n\n\n<p>6. Sprawozdanie z realizacji gminnego Programu wspierania rodziny w Gminie G\u00f3zd na lata 2023-2025 za rok 2024.<\/p>\n\n\n\n<p>7. Sprawozdanie z realizacji gminnego Programu przeciwdzia\u0142ania przemocy domowej oraz ochrony os\u00f3b doznaj\u0105cych przemocy domowej dla Gminy G\u00f3zd na lata 2023-2026 za rok 2024.<\/p>\n\n\n\n<p>8. Sprawozdanie z dzia\u0142alno\u015bci Gminnego O\u015brodka Pomocy Spo\u0142ecznej w Go\u017adzie w 2024 roku.<\/p>\n\n\n\n<p>9. Podj\u0119cia uchwa\u0142 w sprawie:<\/p>\n\n\n\n<ol style=\"list-style-type:lower-alpha\" class=\"wp-block-list\">\n<li>trybu i sposobu powo\u0142ywania i odwo\u0142ywania cz\u0142onk\u00f3w zespo\u0142u interdyscyplinarnego \/projekt I\/,<\/li>\n\n\n\n<li>przyj\u0119cia Programu opieki nad zwierz\u0119tami bezdomnymi oraz zapobiegania bezdomno\u015bci zwierz\u0105t na terenie Gminy G\u00f3zd w 2025 roku \/projekt II\/,<\/li>\n\n\n\n<li>odmowy zgody na rozwi\u0105zanie stosunku pracy z radnym \/projekt III\/,<\/li>\n\n\n\n<li>niewyra\u017cenia zgody na wyodr\u0119bnienie w bud\u017cecie gminy \u015brodk\u00f3w stanowi\u0105cych fundusz so\u0142ecki \/projekt IV\/,<\/li>\n\n\n\n<li>zasad wynajmowania lokali wchodz\u0105cych w sk\u0142ad mieszkaniowego zasobu Gminy G\u00f3zd \/projekt V\/,<\/li>\n\n\n\n<li>nadania nazwy drodze wewn\u0119trznej w miejscowo\u015bci Kuczki \/projekt VI\/,<\/li>\n\n\n\n<li>wyra\u017cenia zgody na sprzeda\u017c nieruchomo\u015bci w obr\u0119bie Ma\u0142\u0119czyn w drodze przetargu \/projekt VII\/,<\/li>\n\n\n\n<li>zaci\u0105gni\u0119cia po\u017cyczki d\u0142ugoterminowej z Wojew\u00f3dzkiego Funduszu Ochrony \u015arodowiska i Gospodarki Wodnej w Warszawie \/projekt VIII\/,<\/li>\n\n\n\n<li>zmian w bud\u017cecie gminy na 2025 rok \/projekt IX\/,<\/li>\n\n\n\n<li>zmian Wieloletniej Prognozy Finansowej Gminy G\u00f3zd na lata 2025-2034 \/projekt X\/,<\/li>\n\n\n\n<li>udzielenia pomocy finansowej dla Powiatu Radomskiego \/projekt XI\/.<\/li>\n<\/ol>\n\n\n\n<p>10.&nbsp; Sprawy r\u00f3\u017cne.<\/p>\n\n\n\n<p>11. Zako\u0144czenie obrad.<\/p>\n","protected":false},"excerpt":{"rendered":"<div class=\"mh-excerpt\"><p>Przewodnicz\u0105cy Rady Gminy G\u00f3zd pan Jan Wasiak zawiadamia, \u017ce 31 marca 2025 r. (poniedzia\u0142ek) o godz. 10:00 w siedzibie Urz\u0119du Gminy (sala nr 105) odb\u0119dzie si\u0119 sesja zwyczajna Rady Gminy G\u00f3zd z nast\u0119puj\u0105cym porz\u0105dkiem: 1. <a class=\"mh-excerpt-more\" href=\"https:\/\/nowa.gozd.pl\/?p=2708\" title=\"SESJA ZWYCZAJNA RADY GMINY G\u00d3ZD\">[&#8230;]<\/a><\/p>\n<\/div>","protected":false},"author":1,"featured_media":2710,"comment_status":"closed","ping_status":"closed","sticky":false,"template":"template-full.php","format":"standard","meta":{"footnotes":""},"categories":[6],"tags":[],"class_list":{"0":"post-2708","1":"post","2":"type-post","3":"status-publish","4":"format-standard","5":"has-post-thumbnail","7":"category-prawe-boczne"},"_links":{"self":[{"href":"https:\/\/nowa.gozd.pl\/index.php?rest_route=\/wp\/v2\/posts\/2708","targetHints":{"allow":["GET"]}}],"collection":[{"href":"https:\/\/nowa.gozd.pl\/index.php?rest_route=\/wp\/v2\/posts"}],"about":[{"href":"https:\/\/nowa.gozd.pl\/index.php?rest_route=\/wp\/v2\/types\/post"}],"author":[{"embeddable":true,"href":"https:\/\/nowa.gozd.pl\/index.php?rest_route=\/wp\/v2\/users\/1"}],"replies":[{"embeddable":true,"href":"https:\/\/nowa.gozd.pl\/index.php?rest_route=%2Fwp%2Fv2%2Fcomments&post=2708"}],"version-history":[{"count":2,"href":"https:\/\/nowa.gozd.pl\/index.php?rest_route=\/wp\/v2\/posts\/2708\/revisions"}],"predecessor-version":[{"id":2713,"href":"https:\/\/nowa.gozd.pl\/index.php?rest_route=\/wp\/v2\/posts\/2708\/revisions\/2713"}],"wp:featuredmedia":[{"embeddable":true,"href":"https:\/\/nowa.gozd.pl\/index.php?rest_route=\/wp\/v2\/media\/2710"}],"wp:attachment":[{"href":"https:\/\/nowa.gozd.pl\/index.php?rest_route=%2Fwp%2Fv2%2Fmedia&parent=2708"}],"wp:term":[{"taxonomy":"category","embeddable":true,"href":"https:\/\/nowa.gozd.pl\/index.php?rest_route=%2Fwp%2Fv2%2Fcategories&post=2708"},{"taxonomy":"post_tag","embeddable":true,"href":"https:\/\/nowa.gozd.pl\/index.php?rest_route=%2Fwp%2Fv2%2Ftags&post=2708"}],"curies":[{"name":"wp","href":"https:\/\/api.w.org\/{rel}","templated":true}]}}