{"id":2714,"date":"2025-03-28T19:33:34","date_gmt":"2025-03-28T19:33:34","guid":{"rendered":"https:\/\/nowa.gozd.pl\/?p=2714"},"modified":"2025-03-28T19:33:34","modified_gmt":"2025-03-28T19:33:34","slug":"wiosenne-sprzatanie-gminy-gozd","status":"publish","type":"post","link":"https:\/\/nowa.gozd.pl\/?p=2714","title":{"rendered":"WIOSENNE SPRZ\u0104TANIE GMINY G\u00d3ZD"},"content":{"rendered":"\n<p>Drodzy Mieszka\u0144cy, zapraszamy do wzi\u0119cia udzia\u0142u w corocznej, wiosennej akcji sprz\u0105tania Gminy G\u00f3zd. Startujemy 5 kwietnia o godz. 9:00 z miejsc wyznaczonych przez <a><\/a>so\u0142tys\u00f3w danego so\u0142ectwa. Zadbajmy wsp\u00f3lnie o czysto\u015b\u0107 i estetyk\u0119 najbli\u017cszego otoczenia.<\/p>\n\n\n\n<p>Pobierz: <a href=\"https:\/\/nowa.gozd.pl\/wp-content\/uploads\/2025\/03\/22-1.pdf\">MIEJSCA ZBI\u00d3REK<\/a><\/p>\n\n\n\n<p><\/p>\n","protected":false},"excerpt":{"rendered":"<div class=\"mh-excerpt\"><p>Drodzy Mieszka\u0144cy, zapraszamy do wzi\u0119cia udzia\u0142u w corocznej, wiosennej akcji sprz\u0105tania Gminy G\u00f3zd. Startujemy 5 kwietnia o godz. 9:00 z miejsc wyznaczonych przez so\u0142tys\u00f3w danego so\u0142ectwa. Zadbajmy wsp\u00f3lnie o czysto\u015b\u0107 i estetyk\u0119 najbli\u017cszego otoczenia. Pobierz: <a class=\"mh-excerpt-more\" href=\"https:\/\/nowa.gozd.pl\/?p=2714\" title=\"WIOSENNE SPRZ\u0104TANIE GMINY G\u00d3ZD\">[&#8230;]<\/a><\/p>\n<\/div>","protected":false},"author":1,"featured_media":2717,"comment_status":"closed","ping_status":"closed","sticky":false,"template":"template-full.php","format":"standard","meta":{"footnotes":""},"categories":[6],"tags":[],"class_list":{"0":"post-2714","1":"post","2":"type-post","3":"status-publish","4":"format-standard","5":"has-post-thumbnail","7":"category-prawe-boczne"},"_links":{"self":[{"href":"https:\/\/nowa.gozd.pl\/index.php?rest_route=\/wp\/v2\/posts\/2714","targetHints":{"allow":["GET"]}}],"collection":[{"href":"https:\/\/nowa.gozd.pl\/index.php?rest_route=\/wp\/v2\/posts"}],"about":[{"href":"https:\/\/nowa.gozd.pl\/index.php?rest_route=\/wp\/v2\/types\/post"}],"author":[{"embeddable":true,"href":"https:\/\/nowa.gozd.pl\/index.php?rest_route=\/wp\/v2\/users\/1"}],"replies":[{"embeddable":true,"href":"https:\/\/nowa.gozd.pl\/index.php?rest_route=%2Fwp%2Fv2%2Fcomments&post=2714"}],"version-history":[{"count":1,"href":"https:\/\/nowa.gozd.pl\/index.php?rest_route=\/wp\/v2\/posts\/2714\/revisions"}],"predecessor-version":[{"id":2718,"href":"https:\/\/nowa.gozd.pl\/index.php?rest_route=\/wp\/v2\/posts\/2714\/revisions\/2718"}],"wp:featuredmedia":[{"embeddable":true,"href":"https:\/\/nowa.gozd.pl\/index.php?rest_route=\/wp\/v2\/media\/2717"}],"wp:attachment":[{"href":"https:\/\/nowa.gozd.pl\/index.php?rest_route=%2Fwp%2Fv2%2Fmedia&parent=2714"}],"wp:term":[{"taxonomy":"category","embeddable":true,"href":"https:\/\/nowa.gozd.pl\/index.php?rest_route=%2Fwp%2Fv2%2Fcategories&post=2714"},{"taxonomy":"post_tag","embeddable":true,"href":"https:\/\/nowa.gozd.pl\/index.php?rest_route=%2Fwp%2Fv2%2Ftags&post=2714"}],"curies":[{"name":"wp","href":"https:\/\/api.w.org\/{rel}","templated":true}]}}