{"id":2734,"date":"2025-04-01T12:21:22","date_gmt":"2025-04-01T12:21:22","guid":{"rendered":"https:\/\/nowa.gozd.pl\/?p=2734"},"modified":"2025-04-01T12:21:22","modified_gmt":"2025-04-01T12:21:22","slug":"komunikat-2","status":"publish","type":"post","link":"https:\/\/nowa.gozd.pl\/?p=2734","title":{"rendered":"KOMUNIKAT"},"content":{"rendered":"\n<p>W zwi\u0105zku z rosn\u0105cym zagro\u017ceniem zawleczenia na terytorium Polski choroby zaka\u017anej, jak\u0105 jest pryszczyca, Powiatowy Lekarz Weterynarii w Radomiu przekazuje celem zapoznania si\u0119 Rozporz\u0105dzenie Ministra Rolnictwa i Rozwoju Wsi z dnia 21 marca 2025 r. w sprawie zakazu wprowadzania na terytorium Rzeczypospolitej Polski zwierz\u0105t, produkt\u00f3w i przedmiot\u00f3w, kt\u00f3re mog\u0105 przenosi\u0107 pryszczyc\u0119 &#8211; pobierz: <a href=\"https:\/\/isap.sejm.gov.pl\/isap.nsf\/download.xsp\/WDU20250000358\/O\/D20250358.pdf\">https:\/\/isap.sejm.gov.pl\/isap.nsf\/download.xsp\/WDU20250000358\/O\/D20250358.pdf<\/a><\/p>\n\n\n\n<p>oraz og\u00f3lne informacje na temat tej choroby.<\/p>\n\n\n\n<p><strong>Pryszczyca (Foot and mouth disese \u2013 FMD) <\/strong>jest wirusow\u0105, bardzo zaka\u017an\u0105 chorob\u0105 zwierz\u0105t parzystokopytnych, w tym byd\u0142a, \u015bwi\u0144, owiec i k\u00f3z. Wirus pryszczycy przenosi si\u0119 przez kontakt bezpo\u015bredni pomi\u0119dzy zwierz\u0119tami, za po\u015brednictwem mi\u0119sa i produkt\u00f3w mi\u0119snych, mleka i jego<br>przetwor\u00f3w, nasienia, sk\u00f3r, we\u0142ny, paszy dla zwierz\u0105t, itp. Wirus mo\u017ce by\u0107 przenoszony tak\u017ce przez cz\u0142owieka, sprz\u0119t gospodarski, ptaki, owady, gryzonie, \u015brodki transportu czy odzie\u017c.<\/p>\n\n\n\n<p>Objawy chorobowe to:<\/p>\n\n\n\n<ul class=\"wp-block-list\">\n<li>gor\u0105czka, apatia, utrata apetytu, brak prze\u017cuwania, gwa\u0142towny spadek mleczno\u015bci;<\/li>\n\n\n\n<li>zwi\u0119kszone pragnienie i obfite \u015blinienie;<\/li>\n\n\n\n<li>p\u0119cherze na j\u0119zyku, wargach i dzi\u0105s\u0142ach, \u015bluzawicy u byd\u0142a\/tarczy ryjowej u \u015bwi\u0144, na sk\u00f3rze szpary mi\u0119dzyracicowej, a tak\u017ce na wymieniu i strzykach;<\/li>\n\n\n\n<li>po p\u0119kni\u0119ciu p\u0119cherzy &#8211; bolesne rany, owrzodzenia;<\/li>\n\n\n\n<li>ciel\u0119ta i prosi\u0119ta, karmione mlekiem zwierz\u0105t chorych na pryszczyc\u0119 cz\u0119sto padaj\u0105 z objawami biegunki i og\u00f3lnego wycie\u0144czenia;<\/li>\n\n\n\n<li>r\u00f3wnie cz\u0119sto dochodzi do padni\u0119\u0107 zwierz\u0105t doros\u0142ych.<\/li>\n<\/ul>\n\n\n\n<p>W razie zauwa\u017cenia wymienionych objaw\u00f3w choroby nale\u017cy natychmiast zawiadomi\u0107 powiatowego lekarza weterynarii celem umo\u017cliwienia pobrania pr\u00f3bek w kierunku wykluczenia FMD. Zg\u0142oszenia nale\u017cy dokona\u0107 bezpo\u015brednio albo za po\u015brednictwem lekarza weterynarii opiekuj\u0105cego si\u0119 gospodarstwem lub w\u0142a\u015bciwego miejscowo organu samorz\u0105du terytorialnego (w\u00f3jta, burmistrza, prezydenta miasta).<\/p>\n\n\n\n<p>Do czasu przybycia powiatowego lekarza weterynarii wszystkie zwierz\u0119ta nale\u017cy zatrzyma\u0107 w gospodarstwie, zwierz\u0119ta chore zamkn\u0105\u0107 i odizolowa\u0107, nie wpuszcza\u0107 os\u00f3b postronnych do gospodarstwa oraz unika\u0107 wyjazdu domownik\u00f3w poza teren gospodarstwa.<\/p>\n\n\n\n<p>Nale\u017cy pami\u0119ta\u0107, \u017ce wyst\u0105pienie tej szybko szerz\u0105cej si\u0119 choroby powoduje zawsze ogromne straty ekonomiczne dla kraju oraz hodowc\u00f3w zwierz\u0105t, zwi\u0105zane w konieczno\u015bci\u0105 wybijania zaka\u017conych stad, a tak\u017ce ograniczeniem obrotu i handlu zwierz\u0119tami oraz produktami pochodzenia zwierz\u0119cego.<\/p>\n\n\n\n<p>Pryszczyca jest chorob\u0105 zwalczan\u0105 z urz\u0119du. Zg\u0142oszenie podejrzenia wyst\u0105pienia pryszczycy jest obowi\u0105zkiem wynikaj\u0105cym z ustawy z dnia 11 marca 2004 roku o ochronie zdrowia zwierz\u0105t oraz zwalczaniu chor\u00f3b zaka\u017anych zwierz\u0105t.<\/p>\n\n\n\n<p>Za zwierz\u0119ta zabite w ramach zwalczania pryszczycy przys\u0142uguje odszkodowanie z bud\u017cetu pa\u0144stwa.<\/p>\n","protected":false},"excerpt":{"rendered":"<div class=\"mh-excerpt\"><p>W zwi\u0105zku z rosn\u0105cym zagro\u017ceniem zawleczenia na terytorium Polski choroby zaka\u017anej, jak\u0105 jest pryszczyca, Powiatowy Lekarz Weterynarii w Radomiu przekazuje celem zapoznania si\u0119 Rozporz\u0105dzenie Ministra Rolnictwa i Rozwoju Wsi z dnia 21 marca 2025 r. <a class=\"mh-excerpt-more\" href=\"https:\/\/nowa.gozd.pl\/?p=2734\" title=\"KOMUNIKAT\">[&#8230;]<\/a><\/p>\n<\/div>","protected":false},"author":1,"featured_media":2735,"comment_status":"closed","ping_status":"closed","sticky":false,"template":"template-full.php","format":"standard","meta":{"footnotes":""},"categories":[6],"tags":[],"class_list":{"0":"post-2734","1":"post","2":"type-post","3":"status-publish","4":"format-standard","5":"has-post-thumbnail","7":"category-prawe-boczne"},"_links":{"self":[{"href":"https:\/\/nowa.gozd.pl\/index.php?rest_route=\/wp\/v2\/posts\/2734","targetHints":{"allow":["GET"]}}],"collection":[{"href":"https:\/\/nowa.gozd.pl\/index.php?rest_route=\/wp\/v2\/posts"}],"about":[{"href":"https:\/\/nowa.gozd.pl\/index.php?rest_route=\/wp\/v2\/types\/post"}],"author":[{"embeddable":true,"href":"https:\/\/nowa.gozd.pl\/index.php?rest_route=\/wp\/v2\/users\/1"}],"replies":[{"embeddable":true,"href":"https:\/\/nowa.gozd.pl\/index.php?rest_route=%2Fwp%2Fv2%2Fcomments&post=2734"}],"version-history":[{"count":1,"href":"https:\/\/nowa.gozd.pl\/index.php?rest_route=\/wp\/v2\/posts\/2734\/revisions"}],"predecessor-version":[{"id":2736,"href":"https:\/\/nowa.gozd.pl\/index.php?rest_route=\/wp\/v2\/posts\/2734\/revisions\/2736"}],"wp:featuredmedia":[{"embeddable":true,"href":"https:\/\/nowa.gozd.pl\/index.php?rest_route=\/wp\/v2\/media\/2735"}],"wp:attachment":[{"href":"https:\/\/nowa.gozd.pl\/index.php?rest_route=%2Fwp%2Fv2%2Fmedia&parent=2734"}],"wp:term":[{"taxonomy":"category","embeddable":true,"href":"https:\/\/nowa.gozd.pl\/index.php?rest_route=%2Fwp%2Fv2%2Fcategories&post=2734"},{"taxonomy":"post_tag","embeddable":true,"href":"https:\/\/nowa.gozd.pl\/index.php?rest_route=%2Fwp%2Fv2%2Ftags&post=2734"}],"curies":[{"name":"wp","href":"https:\/\/api.w.org\/{rel}","templated":true}]}}