{"id":2740,"date":"2025-04-08T11:43:25","date_gmt":"2025-04-08T11:43:25","guid":{"rendered":"https:\/\/nowa.gozd.pl\/?p=2740"},"modified":"2025-04-08T11:43:26","modified_gmt":"2025-04-08T11:43:26","slug":"kontrola-przedsiebiorcow-w-zakresie-posiadanych-umow-na-odbior-odpadow-komunalnych","status":"publish","type":"post","link":"https:\/\/nowa.gozd.pl\/?p=2740","title":{"rendered":"KONTROLA PRZEDSI\u0118BIORC\u00d3W W ZAKRESIE POSIADANYCH UM\u00d3W NA ODBI\u00d3R ODPAD\u00d3W KOMUNALNYCH"},"content":{"rendered":"\n<p>W\u00f3jt Gminy G\u00f3zd informuje, \u017ce przyst\u0119puje do kontroli nieruchomo\u015bci niezamieszka\u0142ych w zakresie posiadania aktualnej umowy na odbi\u00f3r odpad\u00f3w komunalnych, gdzie &#8211; zgodnie z zapisami ustawy z dnia 13 wrze\u015bnia 1996 r. o utrzymaniu czysto\u015bci i porz\u0105dku w gminach &#8211; \u00a0taki obowi\u0105zek wyst\u0119puje co najmniej raz na 2 lata. Dotycz\u0105 one wy\u0142\u0105cznie w\u0142a\u015bcicieli nieruchomo\u015bci, kt\u00f3rych nie obejmuje system gminny.<\/p>\n\n\n\n<p>Do nieruchomo\u015bci niezamieszka\u0142ych, w kt\u00f3rych wytwarzane s\u0105 odpady komunalne, zalicza si\u0119 np. obiekty produkcyjne, us\u0142ugowe, handlowe, warsztaty, biura, sklepy, o\u015brodki zdrowia, apteki, szpitale, pensjonaty, hotele itp.<\/p>\n\n\n\n<p>W\u0142a\u015bciciele powy\u017cszych nieruchomo\u015bci, kt\u00f3rzy pozbywaj\u0105 si\u0119 odpad\u00f3w komunalnych, zobowi\u0105zani s\u0105 do zawarcia umowy na odbi\u00f3r odpad\u00f3w z przedsi\u0119biorc\u0105 odbieraj\u0105cym odpady, wpisanym do rejestru dzia\u0142alno\u015bci regulowanej (wykaz podmiot\u00f3w dost\u0119pny jest w Urz\u0119dzie Gminy G\u00f3zd oraz na stronie internetowej <a href=\"http:\/\/www.gozd.pl\">www.gozd.pl<\/a>\u00a0 w zak\u0142adce Ochrona \u015brodowiska\/Wykaz przedsi\u0119biorc\u00f3w wpisanych do Rejestru Dzia\u0142alno\u015bci Regulowanej w zakresie odbierania odpad\u00f3w komunalnych od w\u0142a\u015bcicieli nieruchomo\u015bci). Umowy te musz\u0105 zawiera\u0107 postanowienia zobowi\u0105zuj\u0105ce wykonawc\u0119 do odbioru odpad\u00f3w posegregowanych, poniewa\u017c obowi\u0105zek prowadzenia selektywnej zbi\u00f3rki odpad\u00f3w dotyczy wszystkich nieruchomo\u015bci.<\/p>\n\n\n\n<p>W sytuacji, gdy nieruchomo\u015b\u0107 posiada dwie cz\u0119\u015bci, tj. przeznaczon\u0105 na cele mieszkaniowe oraz przeznaczon\u0105 na dzia\u0142alno\u015b\u0107 gospodarcz\u0105, w\u0142a\u015bciciele nieruchomo\u015bci powinni:<\/p>\n\n\n\n<ul class=\"wp-block-list\">\n<li>uiszcza\u0107 w gminie op\u0142at\u0119 za gospodarowanie odpadami komunalnymi, za cz\u0119\u015b\u0107 dotycz\u0105c\u0105 nieruchomo\u015bci zamieszka\u0142ej, zgodnie ze z\u0142o\u017con\u0105 deklaracj\u0105 <\/li>\n\n\n\n<li>zawrze\u0107 dodatkow\u0105 umow\u0119 na odbi\u00f3r odpad\u00f3w komunalnych z podmiotem uprawnionym, na cz\u0119\u015b\u0107 nieruchomo\u015bci niezamieszka\u0142ej, na kt\u00f3rej prowadzona jest dzia\u0142alno\u015b\u0107 gospodarcza.<\/li>\n<\/ul>\n\n\n\n<p>W przypadku prowadzenia w cz\u0119\u015bci lokalu mieszkalnego obs\u0142ugi biurowej dzia\u0142alno\u015bci gospodarczej oraz gdy przedsi\u0119biorca prowadz\u0105cy dzia\u0142alno\u015b\u0107 gospodarcz\u0105 nie ma wydzielonego odr\u0119bnego pomieszczenia na jej prowadzenie, jego us\u0142ugi opieraj\u0105 si\u0119 na us\u0142ugach intelektualnych (np. doradztwo prawne, us\u0142ugi terapeutyczne, grafika komputerowa), nale\u017cy dostarczy\u0107 o\u015bwiadczenie o rodzaju pe\u0142nionych us\u0142ug, z zapisem, i\u017c w zwi\u0105zku z prowadzon\u0105 dzia\u0142alno\u015bci\u0105 nie wytwarzaj\u0105 Pa\u0144stwo odpad\u00f3w komunalnych, a tak\u017ce, \u017ce nie maj\u0105 Pa\u0144stwo wydzielonego pomieszczenia na prowadzenie swojej dzia\u0142alno\u015bci, a us\u0142ugi prowadzone s\u0105 poza miejscem zamieszkania. <\/p>\n\n\n\n<p><strong>Przypominamy podmiotom prowadz\u0105cym dzia\u0142alno\u015b\u0107 gospodarcz\u0105, \u017ce niedopuszczalne jest mieszanie odpad\u00f3w komunalnych z gospodarstwa domowego z odpadami powstaj\u0105cymi na skutek prowadzonej dzia\u0142alno\u015bci gospodarczej.<\/strong><\/p>\n\n\n\n<p>W zwi\u0105zku z powy\u017cszym, przedsi\u0119biorcy z terenu gminy G\u00f3zd, zostan\u0105 powiadomieni pisemnie o kontroli i zobowi\u0105zani do udokumentowania posiadania um\u00f3w na korzystanie z us\u0142ug w zakresie odbierania odpad\u00f3w komunalnych poprzez okazanie takich um\u00f3w i dowod\u00f3w uiszczania op\u0142at za te us\u0142ugi.<\/p>\n\n\n\n<p>Jednocze\u015bnie informujemy, \u017ce przedsi\u0119biorcy nieposiadaj\u0105cemu umowy na odbieranie odpad\u00f3w komunalnych, grozi kara grzywny (art. 10 ust. 2 ww. ustawy). <\/p>\n\n\n\n<p><\/p>\n","protected":false},"excerpt":{"rendered":"<div class=\"mh-excerpt\"><p>W\u00f3jt Gminy G\u00f3zd informuje, \u017ce przyst\u0119puje do kontroli nieruchomo\u015bci niezamieszka\u0142ych w zakresie posiadania aktualnej umowy na odbi\u00f3r odpad\u00f3w komunalnych, gdzie &#8211; zgodnie z zapisami ustawy z dnia 13 wrze\u015bnia 1996 r. o utrzymaniu czysto\u015bci i <a class=\"mh-excerpt-more\" href=\"https:\/\/nowa.gozd.pl\/?p=2740\" title=\"KONTROLA PRZEDSI\u0118BIORC\u00d3W W ZAKRESIE POSIADANYCH UM\u00d3W NA ODBI\u00d3R ODPAD\u00d3W KOMUNALNYCH\">[&#8230;]<\/a><\/p>\n<\/div>","protected":false},"author":1,"featured_media":2741,"comment_status":"closed","ping_status":"closed","sticky":false,"template":"template-full.php","format":"standard","meta":{"footnotes":""},"categories":[6],"tags":[],"class_list":{"0":"post-2740","1":"post","2":"type-post","3":"status-publish","4":"format-standard","5":"has-post-thumbnail","7":"category-prawe-boczne"},"_links":{"self":[{"href":"https:\/\/nowa.gozd.pl\/index.php?rest_route=\/wp\/v2\/posts\/2740","targetHints":{"allow":["GET"]}}],"collection":[{"href":"https:\/\/nowa.gozd.pl\/index.php?rest_route=\/wp\/v2\/posts"}],"about":[{"href":"https:\/\/nowa.gozd.pl\/index.php?rest_route=\/wp\/v2\/types\/post"}],"author":[{"embeddable":true,"href":"https:\/\/nowa.gozd.pl\/index.php?rest_route=\/wp\/v2\/users\/1"}],"replies":[{"embeddable":true,"href":"https:\/\/nowa.gozd.pl\/index.php?rest_route=%2Fwp%2Fv2%2Fcomments&post=2740"}],"version-history":[{"count":1,"href":"https:\/\/nowa.gozd.pl\/index.php?rest_route=\/wp\/v2\/posts\/2740\/revisions"}],"predecessor-version":[{"id":2742,"href":"https:\/\/nowa.gozd.pl\/index.php?rest_route=\/wp\/v2\/posts\/2740\/revisions\/2742"}],"wp:featuredmedia":[{"embeddable":true,"href":"https:\/\/nowa.gozd.pl\/index.php?rest_route=\/wp\/v2\/media\/2741"}],"wp:attachment":[{"href":"https:\/\/nowa.gozd.pl\/index.php?rest_route=%2Fwp%2Fv2%2Fmedia&parent=2740"}],"wp:term":[{"taxonomy":"category","embeddable":true,"href":"https:\/\/nowa.gozd.pl\/index.php?rest_route=%2Fwp%2Fv2%2Fcategories&post=2740"},{"taxonomy":"post_tag","embeddable":true,"href":"https:\/\/nowa.gozd.pl\/index.php?rest_route=%2Fwp%2Fv2%2Ftags&post=2740"}],"curies":[{"name":"wp","href":"https:\/\/api.w.org\/{rel}","templated":true}]}}