{"id":2763,"date":"2025-04-11T11:13:46","date_gmt":"2025-04-11T11:13:46","guid":{"rendered":"https:\/\/nowa.gozd.pl\/?p=2763"},"modified":"2025-04-11T11:13:46","modified_gmt":"2025-04-11T11:13:46","slug":"uwaga-bakteria-coli-w-wodzie","status":"publish","type":"post","link":"https:\/\/nowa.gozd.pl\/?p=2763","title":{"rendered":"UWAGA! BAKTERIA COLI W WODZIE"},"content":{"rendered":"\n<p>Informujemy, i\u017c Powiatowy Inspektor Sanitarny w Radomiu w pr\u00f3bce wody pobranej w dniu 8 kwietnia br. stwierdzi\u0142 obecno\u015b\u0107 bakterii grupy coli w wodoci\u0105gu publicznym w Ma\u0142\u0119czynie.<\/p>\n\n\n\n<p class=\"has-vivid-red-color has-text-color has-link-color wp-elements-5b50474e232968c60d393de35539232f\"><strong>W zwi\u0105zku z powy\u017cszym wprowadza si\u0119 warunkow\u0105 przydatno\u015b\u0107 wody do spo\u017cycia, po uprzednim przegotowaniu (gotowa\u0107 minimum 2 minuty, a nast\u0119pnie bez gwa\u0142townego sch\u0142adzania pozostawi\u0107 do ostudzenia).<\/strong><\/p>\n\n\n\n<p><strong>Przegotowania wymaga woda wykorzystywana do przygotowania: <\/strong>posi\u0142k\u00f3w, mycia spo\u017cywanych na surowo owoc\u00f3w i warzyw, mycia z\u0119b\u00f3w, naczy\u0144 oraz k\u0105pieli noworodk\u00f3w i niemowl\u0105t.<\/p>\n\n\n\n<p><strong>Woda bez przegotowania mo\u017ce by\u0107 stosowania do:<\/strong> codziennego mycia, prania odzie\u017cy, prac porz\u0105dkowych (np. mycie pod\u0142\u00f3g) i sp\u0142ukiwania toalet.<\/p>\n\n\n\n<p><strong>UWAGA!<\/strong><\/p>\n\n\n\n<p class=\"has-vivid-red-color has-text-color has-link-color wp-elements-18759fad6c172a0fc18fe03b329cbe0c\"><strong>Warunkowa przydatno\u015b\u0107 wody do spo\u017cycia nie obejmuje mieszka\u0144c\u00f3w zamieszka\u0142ych przy ulicach: Radomskiej (od m. Grzmucin do skrzy\u017cowania z ul. Makowsk\u0105), Ja\u015bminowej, Brzozowej, Lawendowej, Le\u015bnej, Pogodnej, Poziomkowej.<\/strong><\/p>\n\n\n\n<p><strong>Ponadto informujemy, \u017ce:<\/strong><\/p>\n\n\n\n<ul class=\"wp-block-list\">\n<li> zosta\u0142y podj\u0119te dzia\u0142ania maj\u0105ce na celu jak najszybsze doprowadzenie jako\u015bci wody do wymaga\u0144 okre\u015blonych w rozporz\u0105dzeniu Ministra Zdrowia z dnia 7 grudnia 2017 r. w sprawie jako\u015bci wody przeznaczonej do spo\u017cycia przez ludzi (dezynfekcja, p\u0142ukanie sieci),<\/li>\n<\/ul>\n\n\n\n<ul class=\"wp-block-list\">\n<li>w dniu 14 kwietnia br. (poniedzia\u0142ek) zostan\u0105 pobrane kolejne pr\u00f3bki wody do bada\u0144. O ich wynikach poinformujemy Pa\u0144stwa bezzw\u0142ocznie.<\/li>\n<\/ul>\n","protected":false},"excerpt":{"rendered":"<div class=\"mh-excerpt\"><p>Informujemy, i\u017c Powiatowy Inspektor Sanitarny w Radomiu w pr\u00f3bce wody pobranej w dniu 8 kwietnia br. stwierdzi\u0142 obecno\u015b\u0107 bakterii grupy coli w wodoci\u0105gu publicznym w Ma\u0142\u0119czynie. W zwi\u0105zku z powy\u017cszym wprowadza si\u0119 warunkow\u0105 przydatno\u015b\u0107 wody <a class=\"mh-excerpt-more\" href=\"https:\/\/nowa.gozd.pl\/?p=2763\" title=\"UWAGA! BAKTERIA COLI W WODZIE\">[&#8230;]<\/a><\/p>\n<\/div>","protected":false},"author":1,"featured_media":2764,"comment_status":"closed","ping_status":"closed","sticky":false,"template":"template-full.php","format":"standard","meta":{"footnotes":""},"categories":[6],"tags":[],"class_list":{"0":"post-2763","1":"post","2":"type-post","3":"status-publish","4":"format-standard","5":"has-post-thumbnail","7":"category-prawe-boczne"},"_links":{"self":[{"href":"https:\/\/nowa.gozd.pl\/index.php?rest_route=\/wp\/v2\/posts\/2763","targetHints":{"allow":["GET"]}}],"collection":[{"href":"https:\/\/nowa.gozd.pl\/index.php?rest_route=\/wp\/v2\/posts"}],"about":[{"href":"https:\/\/nowa.gozd.pl\/index.php?rest_route=\/wp\/v2\/types\/post"}],"author":[{"embeddable":true,"href":"https:\/\/nowa.gozd.pl\/index.php?rest_route=\/wp\/v2\/users\/1"}],"replies":[{"embeddable":true,"href":"https:\/\/nowa.gozd.pl\/index.php?rest_route=%2Fwp%2Fv2%2Fcomments&post=2763"}],"version-history":[{"count":1,"href":"https:\/\/nowa.gozd.pl\/index.php?rest_route=\/wp\/v2\/posts\/2763\/revisions"}],"predecessor-version":[{"id":2765,"href":"https:\/\/nowa.gozd.pl\/index.php?rest_route=\/wp\/v2\/posts\/2763\/revisions\/2765"}],"wp:featuredmedia":[{"embeddable":true,"href":"https:\/\/nowa.gozd.pl\/index.php?rest_route=\/wp\/v2\/media\/2764"}],"wp:attachment":[{"href":"https:\/\/nowa.gozd.pl\/index.php?rest_route=%2Fwp%2Fv2%2Fmedia&parent=2763"}],"wp:term":[{"taxonomy":"category","embeddable":true,"href":"https:\/\/nowa.gozd.pl\/index.php?rest_route=%2Fwp%2Fv2%2Fcategories&post=2763"},{"taxonomy":"post_tag","embeddable":true,"href":"https:\/\/nowa.gozd.pl\/index.php?rest_route=%2Fwp%2Fv2%2Ftags&post=2763"}],"curies":[{"name":"wp","href":"https:\/\/api.w.org\/{rel}","templated":true}]}}