{"id":2821,"date":"2025-04-25T08:51:54","date_gmt":"2025-04-25T08:51:54","guid":{"rendered":"https:\/\/nowa.gozd.pl\/?p=2821"},"modified":"2025-04-25T08:51:55","modified_gmt":"2025-04-25T08:51:55","slug":"dzien-wolny-za-swieto-w-sobote","status":"publish","type":"post","link":"https:\/\/nowa.gozd.pl\/?p=2821","title":{"rendered":"DZIE\u0143 WOLNY ZA \u015aWI\u0118TO W SOBOT\u0118"},"content":{"rendered":"\n<p>Informujemy, \u017ce <strong>2 maja 2025 r. (pi\u0105tek) Urz\u0105d Gminy oraz Gminny O\u015brodek Pomocy Spo\u0142ecznej w Go\u017adzie b\u0119d\u0105 nieczynne.<\/strong> Zgodnie z Zarz\u0105dzeniem Nr 26\/2025 W\u00f3jta Gminy G\u00f3zd oraz Zarz\u0105dzeniem Nr 1\/2025 Kierownika GOPS-u jest to dzie\u0144 wolny dla pracownik\u00f3w UG i GOPS <strong>w zamian za \u015bwi\u0119to przypadaj\u0105ce w dniu 3 maja br. (sobota).<\/strong><br>\u00a0<\/p>\n\n\n\n<p><\/p>\n","protected":false},"excerpt":{"rendered":"<div class=\"mh-excerpt\"><p>Informujemy, \u017ce 2 maja 2025 r. (pi\u0105tek) Urz\u0105d Gminy oraz Gminny O\u015brodek Pomocy Spo\u0142ecznej w Go\u017adzie b\u0119d\u0105 nieczynne. Zgodnie z Zarz\u0105dzeniem Nr 26\/2025 W\u00f3jta Gminy G\u00f3zd oraz Zarz\u0105dzeniem Nr 1\/2025 Kierownika GOPS-u jest to dzie\u0144 <a class=\"mh-excerpt-more\" href=\"https:\/\/nowa.gozd.pl\/?p=2821\" title=\"DZIE\u0143 WOLNY ZA \u015aWI\u0118TO W SOBOT\u0118\">[&#8230;]<\/a><\/p>\n<\/div>","protected":false},"author":1,"featured_media":2822,"comment_status":"closed","ping_status":"closed","sticky":false,"template":"template-full.php","format":"standard","meta":{"footnotes":""},"categories":[6],"tags":[],"class_list":{"0":"post-2821","1":"post","2":"type-post","3":"status-publish","4":"format-standard","5":"has-post-thumbnail","7":"category-prawe-boczne"},"_links":{"self":[{"href":"https:\/\/nowa.gozd.pl\/index.php?rest_route=\/wp\/v2\/posts\/2821","targetHints":{"allow":["GET"]}}],"collection":[{"href":"https:\/\/nowa.gozd.pl\/index.php?rest_route=\/wp\/v2\/posts"}],"about":[{"href":"https:\/\/nowa.gozd.pl\/index.php?rest_route=\/wp\/v2\/types\/post"}],"author":[{"embeddable":true,"href":"https:\/\/nowa.gozd.pl\/index.php?rest_route=\/wp\/v2\/users\/1"}],"replies":[{"embeddable":true,"href":"https:\/\/nowa.gozd.pl\/index.php?rest_route=%2Fwp%2Fv2%2Fcomments&post=2821"}],"version-history":[{"count":1,"href":"https:\/\/nowa.gozd.pl\/index.php?rest_route=\/wp\/v2\/posts\/2821\/revisions"}],"predecessor-version":[{"id":2823,"href":"https:\/\/nowa.gozd.pl\/index.php?rest_route=\/wp\/v2\/posts\/2821\/revisions\/2823"}],"wp:featuredmedia":[{"embeddable":true,"href":"https:\/\/nowa.gozd.pl\/index.php?rest_route=\/wp\/v2\/media\/2822"}],"wp:attachment":[{"href":"https:\/\/nowa.gozd.pl\/index.php?rest_route=%2Fwp%2Fv2%2Fmedia&parent=2821"}],"wp:term":[{"taxonomy":"category","embeddable":true,"href":"https:\/\/nowa.gozd.pl\/index.php?rest_route=%2Fwp%2Fv2%2Fcategories&post=2821"},{"taxonomy":"post_tag","embeddable":true,"href":"https:\/\/nowa.gozd.pl\/index.php?rest_route=%2Fwp%2Fv2%2Ftags&post=2821"}],"curies":[{"name":"wp","href":"https:\/\/api.w.org\/{rel}","templated":true}]}}