{"id":2829,"date":"2025-04-30T08:49:32","date_gmt":"2025-04-30T08:49:32","guid":{"rendered":"https:\/\/nowa.gozd.pl\/?p=2829"},"modified":"2025-04-30T08:49:32","modified_gmt":"2025-04-30T08:49:32","slug":"dni-o-ktorych-nalezy-pamietac","status":"publish","type":"post","link":"https:\/\/nowa.gozd.pl\/?p=2829","title":{"rendered":"DNI, O KT\u00d3RYCH NALE\u017bY PAMI\u0118TA\u0106"},"content":{"rendered":"\n<p>Dzi\u0119ki pokoleniom Polak\u00f3w, kt\u00f3rzy walczyli o niepodleg\u0142\u0105 Ojczyzn\u0119, mo\u017cemy dzisiaj \u017cy\u0107 w wolnym i bezpiecznym kraju. W dobie ci\u0105g\u0142ego po\u015bpiechu i wielu codziennych spraw nie zapominajmy wi\u0119c o naszej historii oraz bohaterach, kt\u00f3rym zawdzi\u0119czamy odrodzenie Polski.<\/p>\n\n\n\n<p>W zwi\u0105zku ze zbli\u017caj\u0105cym si\u0119 \u015awi\u0119tem Pracy, (1 maja), Dniem Flagi Rzeczypospolitej Polskiej (2 maja), a tak\u017ce \u015awi\u0119tem Konstytucji 3 Maja (3 maja) gor\u0105co zach\u0119camy do wywieszania flag pa\u0144stwowych na domach i zak\u0142adach pracy.<\/p>\n\n\n\n<p>Niech te majowe dni b\u0119d\u0105 nie tylko okazj\u0105 do rodzinnego wypoczynku, ale r\u00f3wnie\u017c szczeg\u00f3lnym czasem na wyra\u017cenie patriotyzmu oraz przywi\u0105zania do barw narodowych.<\/p>\n\n\n\n<p class=\"has-black-color has-text-color has-link-color wp-elements-6f2b1a1721d7d5dd38fd047e6d393d6e\"><strong>1 maja &#8211; \u015awi\u0119to Pracy<\/strong>, a dok\u0142adniej Mi\u0119dzynarodowy Dzie\u0144 Solidarno\u015bci Ludzi Pracy obchodzone jest na ca\u0142ym \u015bwiecie ju\u017c od 1890 roku, natomiast w Polsce zosta\u0142o ustanowione \u015bwi\u0119tem pa\u0144stwowym w roku 1950.<\/p>\n\n\n\n<p><strong>2 maja &#8211; Dzie\u0144 Flagi Rzeczypospolitej Polskiej<\/strong>, to jedno z najm\u0142odszych \u015bwi\u0105t pa\u0144stwowych, ustanowione w 2004 roku. W tym dniu szczeg\u00f3lnie upami\u0119tniamy histori\u0119 polskich barw narodowych, symboli oraz tradycji patriotycznych. \u015awi\u0119to ma r\u00f3wnie\u017c przypomina\u0107 o poszanowaniu flagi i innych symboli narodowych.<\/p>\n\n\n\n<p>Polskie barwy narodowe si\u0119gaj\u0105 czas\u00f3w rz\u0105d\u00f3w dynastii Piast\u00f3w. Wyb\u00f3r barw flagi jest odwzorowaniem kolor\u00f3w chor\u0105gwi polskiej \u2013 bia\u0142ego or\u0142a na czerwonym tle. Polskie barwy narodowe po raz pierwszy zosta\u0142y uregulowane w uchwale Sejmu Kr\u00f3lestwa Polskiego z 7 lutego 1831 r.<\/p>\n\n\n\n<p>Podczas II wojny \u015bwiatowej kolory bia\u0142o-czerwone by\u0142y r\u00f3wnie\u017c symbolem niez\u0142omno\u015bci narodu i woli zwyci\u0119stwa, budzi\u0142y nadziej\u0119 na wolno\u015b\u0107. 2 maja jest tak\u017ce Dniem Polonii i Polak\u00f3w za granic\u0105.<\/p>\n\n\n\n<p><strong>3 maja &#8211; rocznica uchwalenia Konstytucji 3 Maja<\/strong><\/p>\n\n\n\n<p>3 maja 1791 roku na Sejmie Czteroletnim uchwalono ustaw\u0119 reguluj\u0105c\u0105 ustr\u00f3j prawny Rzeczypospolitej Obojga Narod\u00f3w. &nbsp;Ustawa ta wprowadza\u0142a w Rzeczypospolitej ustr\u00f3j monarchii konstytucyjnej \u2013 zachowywa\u0142a stanow\u0105 struktur\u0119 spo\u0142ecze\u0144stwa, ale otwiera\u0142a perspektywy dalszych przekszta\u0142ce\u0144 systemu pa\u0144stwowego. Na jej podstawie przyj\u0119to monteskiuszowski podzia\u0142 w\u0142adz na prawodawcz\u0105, wykonawcz\u0105 i s\u0105downicz\u0105, a tak\u017ce zniesiono m.in.: liberum veto, konfederacje i woln\u0105 elekcj\u0119. Cho\u0107 Konstytucja 3 maja obowi\u0105zywa\u0142a jedynie przez 14 miesi\u0119cy, by\u0142a wielkim osi\u0105gni\u0119ciem narodu polskiego, chc\u0105cego zachowa\u0107 niezale\u017cno\u015b\u0107 pa\u0144stwow\u0105 oraz zapewni\u0107 mo\u017cliwo\u015b\u0107 rozwoju gospodarczego i politycznego kraju.<\/p>\n\n\n\n<p>\u015awi\u0119to 3 Maja zosta\u0142o przywr\u00f3cone w II Rzeczypospolitej Polskiej w kwietniu 1919 roku. Zdelegalizowane przez okupant\u00f3w niemieckich i sowieckich podczas II wojny \u015bwiatowej, zakazane by\u0142o r\u00f3wnie\u017c w PRL.             3 Maja jest oficjalnym \u015bwi\u0119tem narodowym od 1990 roku.<\/p>\n","protected":false},"excerpt":{"rendered":"<div class=\"mh-excerpt\"><p>Dzi\u0119ki pokoleniom Polak\u00f3w, kt\u00f3rzy walczyli o niepodleg\u0142\u0105 Ojczyzn\u0119, mo\u017cemy dzisiaj \u017cy\u0107 w wolnym i bezpiecznym kraju. W dobie ci\u0105g\u0142ego po\u015bpiechu i wielu codziennych spraw nie zapominajmy wi\u0119c o naszej historii oraz bohaterach, kt\u00f3rym zawdzi\u0119czamy odrodzenie <a class=\"mh-excerpt-more\" href=\"https:\/\/nowa.gozd.pl\/?p=2829\" title=\"DNI, O KT\u00d3RYCH NALE\u017bY PAMI\u0118TA\u0106\">[&#8230;]<\/a><\/p>\n<\/div>","protected":false},"author":1,"featured_media":2830,"comment_status":"closed","ping_status":"closed","sticky":false,"template":"template-full.php","format":"standard","meta":{"footnotes":""},"categories":[6],"tags":[],"class_list":{"0":"post-2829","1":"post","2":"type-post","3":"status-publish","4":"format-standard","5":"has-post-thumbnail","7":"category-prawe-boczne"},"_links":{"self":[{"href":"https:\/\/nowa.gozd.pl\/index.php?rest_route=\/wp\/v2\/posts\/2829","targetHints":{"allow":["GET"]}}],"collection":[{"href":"https:\/\/nowa.gozd.pl\/index.php?rest_route=\/wp\/v2\/posts"}],"about":[{"href":"https:\/\/nowa.gozd.pl\/index.php?rest_route=\/wp\/v2\/types\/post"}],"author":[{"embeddable":true,"href":"https:\/\/nowa.gozd.pl\/index.php?rest_route=\/wp\/v2\/users\/1"}],"replies":[{"embeddable":true,"href":"https:\/\/nowa.gozd.pl\/index.php?rest_route=%2Fwp%2Fv2%2Fcomments&post=2829"}],"version-history":[{"count":1,"href":"https:\/\/nowa.gozd.pl\/index.php?rest_route=\/wp\/v2\/posts\/2829\/revisions"}],"predecessor-version":[{"id":2831,"href":"https:\/\/nowa.gozd.pl\/index.php?rest_route=\/wp\/v2\/posts\/2829\/revisions\/2831"}],"wp:featuredmedia":[{"embeddable":true,"href":"https:\/\/nowa.gozd.pl\/index.php?rest_route=\/wp\/v2\/media\/2830"}],"wp:attachment":[{"href":"https:\/\/nowa.gozd.pl\/index.php?rest_route=%2Fwp%2Fv2%2Fmedia&parent=2829"}],"wp:term":[{"taxonomy":"category","embeddable":true,"href":"https:\/\/nowa.gozd.pl\/index.php?rest_route=%2Fwp%2Fv2%2Fcategories&post=2829"},{"taxonomy":"post_tag","embeddable":true,"href":"https:\/\/nowa.gozd.pl\/index.php?rest_route=%2Fwp%2Fv2%2Ftags&post=2829"}],"curies":[{"name":"wp","href":"https:\/\/api.w.org\/{rel}","templated":true}]}}