{"id":2860,"date":"2025-05-12T11:13:26","date_gmt":"2025-05-12T11:13:26","guid":{"rendered":"https:\/\/nowa.gozd.pl\/?p=2860"},"modified":"2025-05-12T11:14:55","modified_gmt":"2025-05-12T11:14:55","slug":"rzekomy-pomor-drobiu-prawie-50-ognisk-choroby-w-polsce","status":"publish","type":"post","link":"https:\/\/nowa.gozd.pl\/?p=2860","title":{"rendered":"RZEKOMY POM\u00d3R DROBIU. PRAWIE 50 OGNISK CHOROBY W POLSCE"},"content":{"rendered":"\n<p>W zwi\u0105zku z wyst\u0105pieniem rzekomego pomoru drobiu na terytorium Rzeczypospolitej Polskiej, w dniu 25 kwietnia 2025 r. og\u0142oszono stosowne Rozporz\u0105dzenie Ministra <a><\/a>Rolnictwa i Rozwoju Wsi.<\/p>\n\n\n\n<p>Zgodnie z rozporz\u0105dzeniem, ka\u017cde gospodarstwo utrzymuj\u0105ce dr\u00f3b zobowi\u0105zane jest do wdro\u017cenia nast\u0119puj\u0105cych zasad:<\/p>\n\n\n\n<p>Zakazuje si\u0119:<\/p>\n\n\n\n<p>&#8211; pojenia drobiu i ptak\u00f3w utrzymywanych przez cz\u0142owieka wod\u0105 pochodz\u0105c\u0105 ze zbiornik\u00f3w wodnych, w tym z w\u00f3d powierzchniowych, do kt\u00f3rych maj\u0105 dost\u0119p dzikie ptaki,<\/p>\n\n\n\n<p>&#8211; wnoszenia i wwo\u017cenia na teren gospodarstw, w kt\u00f3rych utrzymywany jest dr\u00f3b, zw\u0142ok dzikich ptak\u00f3w lub tusz ptak\u00f3w \u0142ownych.<\/p>\n\n\n\n<p>Nakazuje si\u0119:<\/p>\n\n\n\n<p>&#8211; utrzymywanie drobiu w spos\u00f3b uniemo\u017cliwiaj\u0105cy mu dost\u0119p do zbiornik\u00f3w wodnych, z kt\u00f3rych mog\u0105 korzysta\u0107 dzikie ptaki,<\/p>\n\n\n\n<p>&#8211; zg\u0142aszanie do powiatowego lekarza weterynarii miejsc, w kt\u00f3rych utrzymywane s\u0105 dr\u00f3b lub inne ptaki, z wy\u0142\u0105czeniem ptak\u00f3w przebywaj\u0105cych stale w pomieszczeniach mieszkalnych,<\/p>\n\n\n\n<p>&#8211; utrzymywanie drobiu \u2014 z wy\u0142\u0105czeniem kaczek, g\u0119si, ptak\u00f3w bezgrzebieniowych oraz kurcz\u0105t ras wolnorosn\u0105cych \u2014 w izolacji od dzikiego ptactwa,<\/p>\n\n\n\n<p>&#8211; przechowywanie paszy i \u015bci\u00f3\u0142ki przeznaczonych dla drobiu oraz innych ptak\u00f3w utrzymywanych przez cz\u0142owieka w spos\u00f3b zabezpieczaj\u0105cy je przed kontaktem z gryzoniami, dzikimi ptakami oraz ich odchodami,<\/p>\n\n\n\n<p>&#8211; karmienie i pojenie drobiu oraz ptak\u00f3w utrzymywanych przez cz\u0142owieka w zamkni\u0119tych pomieszczeniach lub os\u0142oni\u0119tych miejscach w spos\u00f3b chroni\u0105cy pasz\u0119 i wod\u0119 przed dost\u0119pem dzikich ptak\u00f3w i ich odchod\u00f3w,<\/p>\n\n\n\n<p>&#8211; umieszczanie gniazd dla drobiu wewn\u0105trz budynk\u00f3w,<\/p>\n\n\n\n<p>&#8211; powstrzymanie si\u0119 od wykonywania czynno\u015bci zwi\u0105zanych z utrzymywaniem drobiu przez osoby, kt\u00f3re w ci\u0105gu ostatnich 48 godzin uczestniczy\u0142y w polowaniu na ptaki \u0142owne,<\/p>\n\n\n\n<p>&#8211; codzienny przegl\u0105d drobiu oraz prowadzenie dokumentacji zawieraj\u0105cej informacje o wyst\u0119powaniu objaw\u00f3w klinicznych u ptactwa.<\/p>\n\n\n\n<p>Posiadacz drobiu zobowi\u0105zany jest niezw\u0142ocznie zawiadomi\u0107 organ Inspekcji Weterynaryjnej lub najbli\u017cszy podmiot \u015bwiadcz\u0105cy us\u0142ugi z zakresu medycyny weterynaryjnej w przypadku wyst\u0105pienia u drobiu nast\u0119puj\u0105cych objaw\u00f3w klinicznych:<\/p>\n\n\n\n<p>&#8211; zwi\u0119kszona \u015bmiertelno\u015b\u0107,<\/p>\n\n\n\n<p>&#8211; spadek pobierania paszy i wody,<\/p>\n\n\n\n<p>&#8211; objawy nerwowe, takie jak: drgawki, skr\u0119ty szyi, parali\u017c n\u00f3g i skrzyde\u0142, niezborno\u015b\u0107 ruchowa,<\/p>\n\n\n\n<p>&#8211; duszno\u015b\u0107,<\/p>\n\n\n\n<p>&#8211; sinica i wybroczyny,<\/p>\n\n\n\n<p>&#8211; biegunka,<\/p>\n\n\n\n<p>&#8211; nag\u0142y spadek nie\u015bno\u015bci,<\/p>\n\n\n\n<p>&#8211; zwi\u0119kszona liczba jaj o nieprawid\u0142owej budowie (zdeformowane skorupy, jaja bez skorup).<\/p>\n\n\n\n<p>Pe\u0142na tre\u015b\u0107 Rozporz\u0105dzenia : <a href=\"https:\/\/nowa.gozd.pl\/wp-content\/uploads\/2025\/05\/D20250564.pdf\">https:\/\/nowa.gozd.pl\/wp-content\/uploads\/2025\/05\/D20250564.pdf<\/a><\/p>\n\n\n\n<p><\/p>\n","protected":false},"excerpt":{"rendered":"<div class=\"mh-excerpt\"><p>W zwi\u0105zku z wyst\u0105pieniem rzekomego pomoru drobiu na terytorium Rzeczypospolitej Polskiej, w dniu 25 kwietnia 2025 r. og\u0142oszono stosowne Rozporz\u0105dzenie Ministra Rolnictwa i Rozwoju Wsi. Zgodnie z rozporz\u0105dzeniem, ka\u017cde gospodarstwo utrzymuj\u0105ce dr\u00f3b zobowi\u0105zane jest do <a class=\"mh-excerpt-more\" href=\"https:\/\/nowa.gozd.pl\/?p=2860\" title=\"RZEKOMY POM\u00d3R DROBIU. PRAWIE 50 OGNISK CHOROBY W POLSCE\">[&#8230;]<\/a><\/p>\n<\/div>","protected":false},"author":1,"featured_media":2862,"comment_status":"closed","ping_status":"closed","sticky":false,"template":"template-full.php","format":"standard","meta":{"footnotes":""},"categories":[6],"tags":[],"class_list":{"0":"post-2860","1":"post","2":"type-post","3":"status-publish","4":"format-standard","5":"has-post-thumbnail","7":"category-prawe-boczne"},"_links":{"self":[{"href":"https:\/\/nowa.gozd.pl\/index.php?rest_route=\/wp\/v2\/posts\/2860","targetHints":{"allow":["GET"]}}],"collection":[{"href":"https:\/\/nowa.gozd.pl\/index.php?rest_route=\/wp\/v2\/posts"}],"about":[{"href":"https:\/\/nowa.gozd.pl\/index.php?rest_route=\/wp\/v2\/types\/post"}],"author":[{"embeddable":true,"href":"https:\/\/nowa.gozd.pl\/index.php?rest_route=\/wp\/v2\/users\/1"}],"replies":[{"embeddable":true,"href":"https:\/\/nowa.gozd.pl\/index.php?rest_route=%2Fwp%2Fv2%2Fcomments&post=2860"}],"version-history":[{"count":1,"href":"https:\/\/nowa.gozd.pl\/index.php?rest_route=\/wp\/v2\/posts\/2860\/revisions"}],"predecessor-version":[{"id":2863,"href":"https:\/\/nowa.gozd.pl\/index.php?rest_route=\/wp\/v2\/posts\/2860\/revisions\/2863"}],"wp:featuredmedia":[{"embeddable":true,"href":"https:\/\/nowa.gozd.pl\/index.php?rest_route=\/wp\/v2\/media\/2862"}],"wp:attachment":[{"href":"https:\/\/nowa.gozd.pl\/index.php?rest_route=%2Fwp%2Fv2%2Fmedia&parent=2860"}],"wp:term":[{"taxonomy":"category","embeddable":true,"href":"https:\/\/nowa.gozd.pl\/index.php?rest_route=%2Fwp%2Fv2%2Fcategories&post=2860"},{"taxonomy":"post_tag","embeddable":true,"href":"https:\/\/nowa.gozd.pl\/index.php?rest_route=%2Fwp%2Fv2%2Ftags&post=2860"}],"curies":[{"name":"wp","href":"https:\/\/api.w.org\/{rel}","templated":true}]}}