{"id":2872,"date":"2025-07-22T11:46:27","date_gmt":"2025-07-22T11:46:27","guid":{"rendered":"https:\/\/nowa.gozd.pl\/?p=2872"},"modified":"2025-07-22T11:46:27","modified_gmt":"2025-07-22T11:46:27","slug":"spotkanie-informacyjne-program-czyste-powietrze","status":"publish","type":"post","link":"https:\/\/nowa.gozd.pl\/?p=2872","title":{"rendered":"SPOTKANIE INFORMACYJNE &#8211; PROGRAM &#8222;CZYSTE POWIETRZE&#8221;"},"content":{"rendered":"\n<p>Gminny O\u015brodek Pomocy Spo\u0142ecznej w Go\u017adzie zaprasza zainteresowanych mieszka\u0144c\u00f3w na spotkanie konsultacyjno-informacyjne dotycz\u0105ce Programu \u201eCzyste Powietrze\u201d.<\/p>\n\n\n\n<p>Podczas spotkania b\u0119dzie mo\u017cna uzyska\u0107 informacje o Programie, dofinansowaniach oraz pozna\u0107 proces sk\u0142adania wniosk\u00f3w.<\/p>\n\n\n\n<p><strong>Miejsce spotkania: Gminny O\u015brodek Pomocy Spo\u0142ecznej w Go\u017adzie, ul. Radomska 34, pok. 4.<\/strong><\/p>\n\n\n\n<p><strong>Termin:<\/strong> <strong>31 lipca 2025 r. (czwartek), godz. 15:00 \u2013 17:00.<\/strong><\/p>\n\n\n\n<figure class=\"wp-block-image size-full\"><img loading=\"lazy\" decoding=\"async\" width=\"442\" height=\"1024\" src=\"https:\/\/nowa.gozd.pl\/wp-content\/uploads\/2025\/07\/Spotkanie_CP_2.png\" alt=\"\" class=\"wp-image-2873\" srcset=\"https:\/\/nowa.gozd.pl\/wp-content\/uploads\/2025\/07\/Spotkanie_CP_2.png 442w, https:\/\/nowa.gozd.pl\/wp-content\/uploads\/2025\/07\/Spotkanie_CP_2-129x300.png 129w\" sizes=\"auto, (max-width: 442px) 100vw, 442px\" \/><\/figure>\n","protected":false},"excerpt":{"rendered":"<div class=\"mh-excerpt\"><p>Gminny O\u015brodek Pomocy Spo\u0142ecznej w Go\u017adzie zaprasza zainteresowanych mieszka\u0144c\u00f3w na spotkanie konsultacyjno-informacyjne dotycz\u0105ce Programu \u201eCzyste Powietrze\u201d. Podczas spotkania b\u0119dzie mo\u017cna uzyska\u0107 informacje o Programie, dofinansowaniach oraz pozna\u0107 proces sk\u0142adania wniosk\u00f3w. Miejsce spotkania: Gminny O\u015brodek Pomocy <a class=\"mh-excerpt-more\" href=\"https:\/\/nowa.gozd.pl\/?p=2872\" title=\"SPOTKANIE INFORMACYJNE &#8211; PROGRAM &#8222;CZYSTE POWIETRZE&#8221;\">[&#8230;]<\/a><\/p>\n<\/div>","protected":false},"author":1,"featured_media":2813,"comment_status":"closed","ping_status":"closed","sticky":false,"template":"template-full.php","format":"standard","meta":{"footnotes":""},"categories":[6],"tags":[],"class_list":{"0":"post-2872","1":"post","2":"type-post","3":"status-publish","4":"format-standard","5":"has-post-thumbnail","7":"category-prawe-boczne"},"_links":{"self":[{"href":"https:\/\/nowa.gozd.pl\/index.php?rest_route=\/wp\/v2\/posts\/2872","targetHints":{"allow":["GET"]}}],"collection":[{"href":"https:\/\/nowa.gozd.pl\/index.php?rest_route=\/wp\/v2\/posts"}],"about":[{"href":"https:\/\/nowa.gozd.pl\/index.php?rest_route=\/wp\/v2\/types\/post"}],"author":[{"embeddable":true,"href":"https:\/\/nowa.gozd.pl\/index.php?rest_route=\/wp\/v2\/users\/1"}],"replies":[{"embeddable":true,"href":"https:\/\/nowa.gozd.pl\/index.php?rest_route=%2Fwp%2Fv2%2Fcomments&post=2872"}],"version-history":[{"count":1,"href":"https:\/\/nowa.gozd.pl\/index.php?rest_route=\/wp\/v2\/posts\/2872\/revisions"}],"predecessor-version":[{"id":2874,"href":"https:\/\/nowa.gozd.pl\/index.php?rest_route=\/wp\/v2\/posts\/2872\/revisions\/2874"}],"wp:featuredmedia":[{"embeddable":true,"href":"https:\/\/nowa.gozd.pl\/index.php?rest_route=\/wp\/v2\/media\/2813"}],"wp:attachment":[{"href":"https:\/\/nowa.gozd.pl\/index.php?rest_route=%2Fwp%2Fv2%2Fmedia&parent=2872"}],"wp:term":[{"taxonomy":"category","embeddable":true,"href":"https:\/\/nowa.gozd.pl\/index.php?rest_route=%2Fwp%2Fv2%2Fcategories&post=2872"},{"taxonomy":"post_tag","embeddable":true,"href":"https:\/\/nowa.gozd.pl\/index.php?rest_route=%2Fwp%2Fv2%2Ftags&post=2872"}],"curies":[{"name":"wp","href":"https:\/\/api.w.org\/{rel}","templated":true}]}}